{"id":13406,"date":"2019-03-02T22:40:33","date_gmt":"2019-03-03T01:40:33","guid":{"rendered":"http:\/\/primiciasclorinda.com\/?p=13406"},"modified":"2019-03-03T16:47:12","modified_gmt":"2019-03-03T19:47:12","slug":"murio-franco-macri-el-padre-del-presidente","status":"publish","type":"post","link":"https:\/\/primiciasclorinda.com\/?p=13406","title":{"rendered":"Muri\u00f3 Franco Macri, el padre del Presidente"},"content":{"rendered":"<p style=\"text-align: justify;\">El empresario Franco Macri muri\u00f3 este s\u00e1bado a los 88 a\u00f1os en su casa de Barrio Parque, donde se encontraba desde hace unos meses debido a graves problemas de salud.<\/p>\n<p style=\"text-align: justify;\">El jefe de Estado hab\u00eda viajado al mediod\u00eda junto a su esposa Juliana Awada y su hija Antonia a San Mart\u00edn de los Andes para pasar el fin de semana largo. Fuentes oficiales confirmaron que regresar\u00e1 a la ciudad de Buenos Aires a las 14, para luego dirigirse al cementerio privado Jard\u00edn de Paz, en Pilar, donde se realizar\u00e1 el entierro del cuerpo en una ceremonia \u00edntima, a partir de las 18, sin presencia de funcionarios del gabinete nacional y bajo la custodia presidencial.<\/p>\n<p style=\"text-align: justify;\">El padre del presidente Mauricio Macri hab\u00eda nacido en Roma, Italia, el 15 de abril de 1930, y a los 18 a\u00f1os -sin hablar una palabra de espa\u00f1ol- emigr\u00f3 a la Argentina, donde comenz\u00f3 a trabajar como asistente de un ingeniero italiano.<\/p>\n<p style=\"text-align: justify;\">En 1951 fund\u00f3 una empresa constructora que luego dio origen a la actual Sideco Americana. El gran salto econ\u00f3mico de Franco Macri se produjo a partir de la d\u00e9cada del 70, cuando empez\u00f3 a consolidar el Grupo Macri-SOCMA, uno de los holdings m\u00e1s grandes de la regi\u00f3n.<\/p>\n<p style=\"text-align: justify;\">En los a\u00f1os 80, Macri estuvo al frente de la firma Sevel, en la que su hijo Mauricio ocup\u00f3 el directorio. El holding de los Macri creci\u00f3 con el correr de los a\u00f1os e incursion\u00f3 en diversos rubros, como el sistema de cobros, la industria alimenticia y la recolecci\u00f3n de residuos. En 2007, SOCMA se asoci\u00f3 con el grupo chino Chery con el objetivo de fabricar autos en Sudam\u00e9rica.<\/p>\n<p style=\"text-align: justify;\">Durante su trayectoria en el mundo de los negocios, Macri condujo distintas entidades empresarias, como la Uni\u00f3n Argentina de la Construcci\u00f3n, la C\u00e1mara Argentina de la Construcci\u00f3n y la Asociaci\u00f3n de Fabricantes de Autos.<\/p>\n<p style=\"text-align: justify;\"><strong>Dos matrimonios y seis hijos<\/strong><\/p>\n<p style=\"text-align: justify;\">Franco Macri se cas\u00f3 dos veces, en ambos casos con argentinas. En 1958 contrajo matrimonio con Alicia Blanco Villegas, de quien se divorci\u00f3 en 1980. Dos a\u00f1os despu\u00e9s se celebr\u00f3 la boda con Cristina Greffier, con quien estuvo casado hasta 1986.<\/p>\n<p style=\"text-align: justify;\">Fruto de esos matrimonios, Macri tuvo cinco hijos: Mauricio, Gianfranco, Mariano, Florencia y Sandra, quien falleci\u00f3 en 2014.<\/p>\n<p style=\"text-align: justify;\">En tanto, Franco Macri tambi\u00e9n tuvo una hija producto de una relaci\u00f3n extramatrimonial. Se llama Alejandra De Menech, hoy con 54 a\u00f1os. El empresario la reconoci\u00f3 reci\u00e9n en 2005, luego de un juicio por filiaci\u00f3n y ratificaci\u00f3n por prueba gen\u00e9tica.<\/p>\n<p style=\"text-align: justify;\">M\u00e1s all\u00e1 de sus matrimonios, el empresario italiano mantuvo algunos romances que fueron reflejados en las revistas del coraz\u00f3n, como los que vivi\u00f3 con Flavia Palmiero y Evangelina Bomparola.<\/p>\n<p style=\"text-align: justify;\">Su delicada salud<\/p>\n<p style=\"text-align: justify;\">Hace menos de un mes, cuando cumpli\u00f3 60 a\u00f1os, el presidente Macri se hab\u00eda referido a la delicada salud de su padre durante una entrevista con el filoso Alejandro Rozitchner.<\/p>\n<p style=\"text-align: justify;\">\u00abEspero que me toque una muerte r\u00e1pida. No me gustar\u00eda quedar atrapado en la vida como le est\u00e1 pasando a mi padre que est\u00e1 ac\u00e1, pero no est\u00e1. Hace un a\u00f1o que est\u00e1 postrado. Si tiene alg\u00fan momento de lucidez debe estar pas\u00e1ndola mal\u00bb, expres\u00f3 el mandatario entonces.<\/p>\n<p style=\"text-align: justify;\">Adem\u00e1s Mauricio Macri revel\u00f3 que uno de los escasos momento de lucidez que ten\u00eda en los \u00faltimos meses, su padre le pidi\u00f3 que le diera \u00abuna pastillita\u00bb para \u00absacarlo\u00bb. \u00abYa termin\u00e9; no tengo nada que hacer. Dependo de asistencia de terceros para todo\u00bb, le dijo entonces Franco Macri a su hijo.<\/p>\n<p style=\"text-align: justify;\"><strong>Entre los m\u00e1s ricos de la Argentina<\/strong><\/p>\n<p style=\"text-align: justify;\">Franco Macri figur\u00f3 por primera vez en el ranking de los m\u00e1s ricos que realiza la revista Forbes con 730 millones de d\u00f3lares, a mediados de la d\u00e9cada del 90. En el \u00faltimo relevamiento, dado a conocer en diciembre pasado, la publicaci\u00f3n norteamericana especializada en el mundo de los negocios sostuvo que la fortuna familiar de los Macri alcanzaba los 540 millones de d\u00f3lares, ubic\u00e1ndola en el puesto 28 entre los 50 m\u00e1s ricos del pa\u00eds.<\/p>\n<p style=\"text-align: justify;\"><strong>Los tres libros de Franco Macri<\/strong><\/p>\n<p style=\"text-align: justify;\">El empresario y patriarca de la familia Macri expuso sus ideas a trav\u00e9s de tres libros publicados a partir de la d\u00e9cada del 90.<\/p>\n<p style=\"text-align: justify;\">El primero de los escritos, titulado \u00abMacri por Macri\u00bb, es una autobiograf\u00eda publicada por Emec\u00e9 en 1997. El segundo libro, que narra sus ideas sobre el pa\u00eds y el empresariado, se titula \u00abEl futuro es posible: mi experiencia como empresario en la Argentina\u00bb, y es del a\u00f1o 2004, publicado por Planeta.<\/p>\n<p style=\"text-align: justify;\">Por \u00faltimo, en un tono m\u00e1s intimista, en 2013 public\u00f3 \u00abCharlas con mis nietos\u00bb, tambi\u00e9n a trav\u00e9s de Editorial Planeta.<\/p>\n<p style=\"text-align: justify;\">\nEn la contratapa de su libro \u00abEl futuro es posible\u00bb, se puede leer: \u00abFranco Macri ha librado, a lo largo de 56 a\u00f1os como empresario en la Argentina, dur\u00edsimas batallas. La primera, con su destino signado por la contradicci\u00f3n entre el empuje constante y las piedras que encontr\u00f3 en el camino.<\/p>\n<p style=\"text-align: justify;\">\u00abLuego -contin\u00faa- con los vendavales que emergieron de las pol\u00edticas econ\u00f3micas que fueron de un extremo al otro del arco ideol\u00f3gico, con las impredecibles normas del Estado\u00bb.<\/p>\n<p style=\"text-align: justify;\">\u00abCon este libro -se lee en su contratapa- Franco Macri\u2026termina mostr\u00e1ndonos un hombre empecinado, dispuesto a todo, apasionado, que ama la creaci\u00f3n y est\u00e1 comprometido con el destino de esta sociedad\u00bb.<\/p>\n<p style=\"text-align: justify;\"><strong>Problemas con la Justicia<\/strong><\/p>\n<p style=\"text-align: justify;\">Sobre el fin del a\u00f1o pasado el padre del jefe de Estado hab\u00eda empezado a ser investigado por el juez Claudio Bonadio por una derivaci\u00f3n del caso de los cuadernos.<\/p>\n<p style=\"text-align: justify;\">Sin embargo, los problemas de salud que lo aquejaban llevaron a sus abogados a pedir una suspensi\u00f3n de indagatoria, solicitud que fue aceptada por el magistrado.<\/p>\n<p style=\"text-align: justify;\">Fuente: Infobae.com<\/p>\n","protected":false},"excerpt":{"rendered":"<div class=\"mh-excerpt\"><p>El empresario Franco Macri muri\u00f3 este s\u00e1bado a los 88 a\u00f1os en su casa de Barrio Parque, donde se encontraba desde hace unos meses debido <a class=\"mh-excerpt-more\" href=\"https:\/\/primiciasclorinda.com\/?p=13406\" title=\"Muri\u00f3 Franco Macri, el padre del Presidente\">[&#8230;]<\/a><\/p>\n<\/div>","protected":false},"author":3,"featured_media":13407,"comment_status":"open","ping_status":"open","sticky":false,"template":"","format":"standard","meta":{"footnotes":""},"categories":[3],"tags":[2368,13],"class_list":["post-13406","post","type-post","status-publish","format-standard","has-post-thumbnail","hentry","category-politica-economia","tag-franco-macri","tag-mauricio-macri"],"_links":{"self":[{"href":"https:\/\/primiciasclorinda.com\/index.php?rest_route=\/wp\/v2\/posts\/13406","targetHints":{"allow":["GET"]}}],"collection":[{"href":"https:\/\/primiciasclorinda.com\/index.php?rest_route=\/wp\/v2\/posts"}],"about":[{"href":"https:\/\/primiciasclorinda.com\/index.php?rest_route=\/wp\/v2\/types\/post"}],"author":[{"embeddable":true,"href":"https:\/\/primiciasclorinda.com\/index.php?rest_route=\/wp\/v2\/users\/3"}],"replies":[{"embeddable":true,"href":"https:\/\/primiciasclorinda.com\/index.php?rest_route=%2Fwp%2Fv2%2Fcomments&post=13406"}],"version-history":[{"count":1,"href":"https:\/\/primiciasclorinda.com\/index.php?rest_route=\/wp\/v2\/posts\/13406\/revisions"}],"predecessor-version":[{"id":13408,"href":"https:\/\/primiciasclorinda.com\/index.php?rest_route=\/wp\/v2\/posts\/13406\/revisions\/13408"}],"wp:featuredmedia":[{"embeddable":true,"href":"https:\/\/primiciasclorinda.com\/index.php?rest_route=\/wp\/v2\/media\/13407"}],"wp:attachment":[{"href":"https:\/\/primiciasclorinda.com\/index.php?rest_route=%2Fwp%2Fv2%2Fmedia&parent=13406"}],"wp:term":[{"taxonomy":"category","embeddable":true,"href":"https:\/\/primiciasclorinda.com\/index.php?rest_route=%2Fwp%2Fv2%2Fcategories&post=13406"},{"taxonomy":"post_tag","embeddable":true,"href":"https:\/\/primiciasclorinda.com\/index.php?rest_route=%2Fwp%2Fv2%2Ftags&post=13406"}],"curies":[{"name":"wp","href":"https:\/\/api.w.org\/{rel}","templated":true}]}}