{"id":13356,"date":"2019-02-27T18:36:35","date_gmt":"2019-02-27T21:36:35","guid":{"rendered":"http:\/\/primiciasclorinda.com\/?p=13356"},"modified":"2019-02-27T18:38:27","modified_gmt":"2019-02-27T21:38:27","slug":"nacion-aclara-sobre-la-tarifa-social-en-formosa","status":"publish","type":"post","link":"https:\/\/primiciasclorinda.com\/?p=13356","title":{"rendered":"Naci\u00f3n aclara sobre la tarifa social en Formosa"},"content":{"rendered":"<p style=\"text-align: justify;\">Por medio de publicaciones en las redes sociales m\u00e1s utilizadas, Facebook e Instagram, Naci\u00f3n a trav\u00e9s de distintas publicaciones inform\u00f3 a la poblaci\u00f3n de Formosa que la tarifa social debe continuar y que desde ahora es la Provincia quien define a quienes se les otorga y adem\u00e1s aclara que para eso el Estado Nacional env\u00eda m\u00e1s recursos a las provincias, siendo esto previamente acordado entre Naci\u00f3n y Formosa.<\/p>\n<p style=\"text-align: justify;\">En las publicaciones que se emitieron en las redes sociales Naci\u00f3n postea un link con la siguiente explicaci\u00f3n.<\/p>\n<p style=\"text-align: justify;\"><strong>Tarifa Social el\u00e9ctrica provincial<\/strong><br \/>\nCada provincia acord\u00f3 definir la Tarifa Social el\u00e9ctrica de los usuarios residenciales acorde a las condiciones socioecon\u00f3micas.<\/p>\n<p style=\"text-align: justify;\"><strong>Queremos que sepas la verdad sobre <\/strong><strong>la Tarifa Social<\/strong><br \/>\nMuchos gobiernos provinciales est\u00e1n comunicando a los usuarios de diferentes maneras que el Gobierno Nacional decidi\u00f3 dar de baja la Tarifa Social de electricidad en sus provincias.<\/p>\n<p style=\"text-align: justify;\">Eso es falso.<\/p>\n<p style=\"text-align: justify;\">Desde este a\u00f1o, se acord\u00f3 con los gobernadores que la Tarifa Social el\u00e9ctrica es responsabilidad de cada una de las provincias.<br \/>\nA cambio, el Gobierno Nacional increment\u00f3 las transferencias y les permiti\u00f3 incrementar sus propios recursos.<\/p>\n<p style=\"text-align: justify;\">Esto tiene sentido porque son las provincias las que distribuyen la electricidad en los hogares y conocen mejor a los usuarios.<\/p>\n<p style=\"text-align: justify;\">Por lo tanto, el Gobierno Nacional ya no decide qui\u00e9n recibe la Tarifa Social, son las provincias las que toman esa decisi\u00f3n.<\/p>\n<p style=\"text-align: justify;\">Como siempre, creemos muy importante que sepas la verdad.<\/p>\n<p style=\"text-align: justify;\">Este es el link de la escueta explicaci\u00f3n por parte de Naci\u00f3n:\u00a0\u00a0<a href=\"https:\/\/www.argentina.gob.ar\/energia\/tarifa-social-electrica-provincial?utm_source=facebook&amp;utm_medium=cpm&amp;utm_campaign=tarifasocial&amp;utm_term&amp;utm_content=formosa\">https:\/\/www.argentina.gob.ar\/energia\/tarifa-social-electrica-provincial?utm_source=facebook&amp;utm_medium=cpm&amp;utm_campaign=tarifasocial&amp;utm_term&amp;utm_content=formosa<\/a><\/p>\n<p style=\"text-align: justify;\">\n","protected":false},"excerpt":{"rendered":"<div class=\"mh-excerpt\"><p>Por medio de publicaciones en las redes sociales m\u00e1s utilizadas, Facebook e Instagram, Naci\u00f3n a trav\u00e9s de distintas publicaciones inform\u00f3 a la poblaci\u00f3n de Formosa <a class=\"mh-excerpt-more\" href=\"https:\/\/primiciasclorinda.com\/?p=13356\" title=\"Naci\u00f3n aclara sobre la tarifa social en Formosa\">[&#8230;]<\/a><\/p>\n<\/div>","protected":false},"author":3,"featured_media":13357,"comment_status":"open","ping_status":"open","sticky":false,"template":"","format":"standard","meta":{"footnotes":""},"categories":[3],"tags":[26,219,23,143,2360,218],"class_list":["post-13356","post","type-post","status-publish","format-standard","has-post-thumbnail","hentry","category-politica-economia","tag-clorinda","tag-energia-electrica","tag-formosa","tag-nacion","tag-tarifa-social","tag-tarifas"],"_links":{"self":[{"href":"https:\/\/primiciasclorinda.com\/index.php?rest_route=\/wp\/v2\/posts\/13356","targetHints":{"allow":["GET"]}}],"collection":[{"href":"https:\/\/primiciasclorinda.com\/index.php?rest_route=\/wp\/v2\/posts"}],"about":[{"href":"https:\/\/primiciasclorinda.com\/index.php?rest_route=\/wp\/v2\/types\/post"}],"author":[{"embeddable":true,"href":"https:\/\/primiciasclorinda.com\/index.php?rest_route=\/wp\/v2\/users\/3"}],"replies":[{"embeddable":true,"href":"https:\/\/primiciasclorinda.com\/index.php?rest_route=%2Fwp%2Fv2%2Fcomments&post=13356"}],"version-history":[{"count":3,"href":"https:\/\/primiciasclorinda.com\/index.php?rest_route=\/wp\/v2\/posts\/13356\/revisions"}],"predecessor-version":[{"id":13360,"href":"https:\/\/primiciasclorinda.com\/index.php?rest_route=\/wp\/v2\/posts\/13356\/revisions\/13360"}],"wp:featuredmedia":[{"embeddable":true,"href":"https:\/\/primiciasclorinda.com\/index.php?rest_route=\/wp\/v2\/media\/13357"}],"wp:attachment":[{"href":"https:\/\/primiciasclorinda.com\/index.php?rest_route=%2Fwp%2Fv2%2Fmedia&parent=13356"}],"wp:term":[{"taxonomy":"category","embeddable":true,"href":"https:\/\/primiciasclorinda.com\/index.php?rest_route=%2Fwp%2Fv2%2Fcategories&post=13356"},{"taxonomy":"post_tag","embeddable":true,"href":"https:\/\/primiciasclorinda.com\/index.php?rest_route=%2Fwp%2Fv2%2Ftags&post=13356"}],"curies":[{"name":"wp","href":"https:\/\/api.w.org\/{rel}","templated":true}]}}