{"id":132598,"date":"2026-04-18T08:51:00","date_gmt":"2026-04-18T11:51:00","guid":{"rendered":"https:\/\/primiciasclorinda.com\/?p=132598"},"modified":"2026-04-18T08:51:00","modified_gmt":"2026-04-18T11:51:00","slug":"se-realizo-el-lanzamiento-de-la-edicion-2026-del-programa-puente-en-clorinda","status":"publish","type":"post","link":"https:\/\/primiciasclorinda.com\/?p=132598","title":{"rendered":"Se realiz\u00f3 el lanzamiento de la edici\u00f3n 2026 del Programa \u201cPuente\u201d en Clorinda"},"content":{"rendered":"\n<p><strong><em>l acto se realiz\u00f3 en la Escuela Provincial de Educaci\u00f3n Secundaria (EPES) N\u00ba 49, con la presencia de representantes de los organismos participantes, autoridades gubernamentales, estudiantes, docentes e invitados especiales.<\/em><\/strong><strong><\/strong><\/p>\n\n\n\n<p><strong>El Gobierno de la provincia de Formosa lanz\u00f3 la edici\u00f3n 2026 del Programa \u201cPuente\u201d, destinado a j\u00f3venes que finalizan la educaci\u00f3n secundaria y proyectan continuar estudios superiores.<\/strong><\/p>\n\n\n\n<p><strong>La iniciativa es resultado del trabajo articulado entre el Ministerio de Cultura y Educaci\u00f3n (MCyE), a trav\u00e9s de la Direcci\u00f3n de Planeamiento Educativo, la Secretar\u00eda de Ciencia y Tecnolog\u00eda (SeCyT), el Instituto Polit\u00e9cnico Formosa (IPF) \u201cDr. Alberto Marcelo Zorrilla\u201d y la Universidad Provincial de Laguna Blanca (UPLaB).<\/strong><\/p>\n\n\n\n<figure class=\"wp-block-image size-large is-resized\"><img loading=\"lazy\" decoding=\"async\" width=\"600\" height=\"126\" src=\"http:\/\/primiciasclorinda.com\/wp-content\/uploads\/2026\/04\/ausp-hipergasdeconfianza-5-600x126.jpg\" alt=\"\" class=\"wp-image-126824\" style=\"width:839px;height:auto\" srcset=\"https:\/\/primiciasclorinda.com\/wp-content\/uploads\/2026\/04\/ausp-hipergasdeconfianza-5-600x126.jpg 600w, https:\/\/primiciasclorinda.com\/wp-content\/uploads\/2026\/04\/ausp-hipergasdeconfianza-5-300x63.jpg 300w, https:\/\/primiciasclorinda.com\/wp-content\/uploads\/2026\/04\/ausp-hipergasdeconfianza-5-768x162.jpg 768w, https:\/\/primiciasclorinda.com\/wp-content\/uploads\/2026\/04\/ausp-hipergasdeconfianza-5.jpg 950w\" sizes=\"auto, (max-width: 600px) 100vw, 600px\" \/><\/figure>\n\n\n\n<p><strong>Su prop\u00f3sito es acompa\u00f1ar a los estudiantes en la transici\u00f3n hacia el nivel superior, brind\u00e1ndoles herramientas y orientaci\u00f3n para su formaci\u00f3n acad\u00e9mica y profesional.<\/strong><\/p>\n\n\n\n<p><strong>Al respecto, al dialogar con AGENFOR, el ministro de Cultura y Educaci\u00f3n, Julio Ar\u00e1oz, subray\u00f3 que dicho programa \u201cha sido dise\u00f1ado especialmente para acompa\u00f1ar a nuestros estudiantes en ese tr\u00e1nsito que va desde el \u00faltimo a\u00f1o de la escuela secundaria a los estudios superiores\u201d, ya sea en la Universidad o las instituciones superiores.<\/strong><\/p>\n\n\n\n<p><strong>Y destac\u00f3 que \u201ctiene la particularidad de que no solamente tratamos de ayudarlos y acompa\u00f1arlos para que puedan realizar sus estudios superiores en Formosa, donde las oportunidades son numerosas y concretas, sino tambi\u00e9n en cualquier otra instituci\u00f3n de la educaci\u00f3n superior del pa\u00eds\u201d.<\/strong><\/p>\n\n\n\n<p><strong>Puso de resalto que \u201cnuestra nueva Constituci\u00f3n Provincial consagra a la educaci\u00f3n p\u00fablica como un derecho humano fundamental, as\u00ed como a la cultura\u201d, por lo que, en ese marco, el Modelo Formose\u00f1o \u201cse expresa a trav\u00e9s de acciones muy concretas y esta es una de ellas\u201d, mencionando tambi\u00e9n a la importante inversi\u00f3n en infraestructuras en todo el territorio, la capacitaci\u00f3n docente, equipamientos, el servicio nutricional, la entrega gratuita de \u00fatiles e indumentarias, etc\u00e9tera.<\/strong><\/p>\n\n\n\n<p><strong>\u201cTenemos este tipo de acciones que hoy nos brindan una satisfacci\u00f3n como sociedad, porque al escuchar los testimonios de los estudiantes, que son los destinatarios de las mismas, nos revelan que estamos en la buena senda \u2013acentu\u00f3-. Los datos que tenemos claramente indican el impacto positivo que tiene poner a disposici\u00f3n de nuestros alumnos un programa integral como este, que se caracteriza por la equidad territorial\u201d.<\/strong><\/p>\n\n\n\n<p><strong>La educaci\u00f3n, cuesti\u00f3n de Estado<\/strong><\/p>\n\n\n\n<p><strong>Se refiri\u00f3 tambi\u00e9n a esta iniciativa el subsecretario de Educaci\u00f3n, Luis Ram\u00edrez M\u00e9ndez, quien ponder\u00f3 que se trata de un programa provincial que \u201cest\u00e1 basado exclusivamente en la preparaci\u00f3n de nuestros j\u00f3venes de sexto o s\u00e9ptimo a\u00f1o para que puedan ingresar en las Universidades, ya sean provinciales o nacionales, no solamente de Formosa, sino tambi\u00e9n de todo el pa\u00eds, o bien institutos superiores\u201d.<\/strong><\/p>\n\n\n\n<p><strong>\u201c\u2018Puente\u2019 es netamente provincial, hecho por profesionales de distintas \u00e1reas y llega a toda la provincia para que nuestros j\u00f3venes puedan prepararse y tener un ingreso con mucha tranquilidad en la educaci\u00f3n superior\u201d, afirm\u00f3 y a\u00f1adi\u00f3 que esta nueva edici\u00f3n evidencia, una vez m\u00e1s, que \u201cen Formosa la educaci\u00f3n es una cuesti\u00f3n de Estado\u201d.<\/strong><\/p>\n\n\n\n<p><strong>\u201cNuestro gobernador Gildo Insfr\u00e1n siempre nos dice que tenemos que salir al terreno y eso lo estamos haciendo. Esto tambi\u00e9n es equidad territorial, porque no solamente tienen acceso a este programa los j\u00f3venes de la Capital, sino tambi\u00e9n los del interior. Justamente, por eso hicimos este lanzamiento en la ciudad de Clorinda\u201d, robusteci\u00f3.<\/strong><\/p>\n\n\n\n<p><strong>Pol\u00edtica p\u00fablica de alto impacto<\/strong><\/p>\n\n\n\n<p><strong>Por su parte, la directora de Planeamiento Educativo del MCyE, Patricia Pastor, expres\u00f3 su satisfacci\u00f3n al conversar con esta Agencia por el lanzamiento de la nueva edici\u00f3n de \u201cPuente\u201d. \u201cEsta es la tercera edici\u00f3n del programa que arranc\u00f3 en el 2024 y, despu\u00e9s de las experiencias de los a\u00f1os anteriores, nos dimos cuenta que es una pol\u00edtica p\u00fablica de alto impacto en los j\u00f3venes del \u00faltimo a\u00f1o de la escuela secundaria, ya que los prepara para el ingreso universitario a diferentes carreras\u201d, resalt\u00f3 y, como ejemplos, nombr\u00f3 a Medicina de la UPLaB o bien las Tecnicaturas del Polit\u00e9cnico.<\/strong><\/p>\n\n\n\n<p><strong>\u201cEste programa viene a apoyar a esos estudiantes, no solamente a prepararlos para el ingreso, sino tambi\u00e9n para definir su orientaci\u00f3n vocacional\u201d, explic\u00f3, teniendo en cuenta que \u201cconsiste en el dictado de m\u00f3dulos obligatorios como ese, como adem\u00e1s otro de t\u00e9cnicas de estudio\u201d.<\/strong><\/p>\n\n\n\n<p><strong>Del mismo modo, involucra tambi\u00e9n \u201cuna formaci\u00f3n muy importante en qu\u00edmica, matem\u00e1tica, f\u00edsica, historia y geograf\u00eda\u201d.<\/strong><\/p>\n\n\n<figure class=\"wp-block-post-featured-image\"><img loading=\"lazy\" decoding=\"async\" width=\"950\" height=\"600\" src=\"https:\/\/primiciasclorinda.com\/wp-content\/uploads\/2026\/04\/programapuenteclor-2.jpg\" class=\"attachment-post-thumbnail size-post-thumbnail wp-post-image\" alt=\"\" style=\"object-fit:cover;\" srcset=\"https:\/\/primiciasclorinda.com\/wp-content\/uploads\/2026\/04\/programapuenteclor-2.jpg 950w, https:\/\/primiciasclorinda.com\/wp-content\/uploads\/2026\/04\/programapuenteclor-2-300x189.jpg 300w, https:\/\/primiciasclorinda.com\/wp-content\/uploads\/2026\/04\/programapuenteclor-2-475x300.jpg 475w, https:\/\/primiciasclorinda.com\/wp-content\/uploads\/2026\/04\/programapuenteclor-2-768x485.jpg 768w\" sizes=\"auto, (max-width: 950px) 100vw, 950px\" \/><\/figure>","protected":false},"excerpt":{"rendered":"<div class=\"mh-excerpt\"><p>l acto se realiz\u00f3 en la Escuela Provincial de Educaci\u00f3n Secundaria (EPES) N\u00ba 49, con la presencia de representantes de los organismos participantes, autoridades gubernamentales, <a class=\"mh-excerpt-more\" href=\"https:\/\/primiciasclorinda.com\/?p=132598\" title=\"Se realiz\u00f3 el lanzamiento de la edici\u00f3n 2026 del Programa \u201cPuente\u201d en Clorinda\">[&#8230;]<\/a><\/p>\n<\/div>","protected":false},"author":3,"featured_media":132587,"comment_status":"open","ping_status":"open","sticky":false,"template":"","format":"standard","meta":{"footnotes":""},"categories":[5431,6],"tags":[26,23,7065,7066],"class_list":["post-132598","post","type-post","status-publish","format-standard","has-post-thumbnail","hentry","category-clorinda","category-cultura","tag-clorinda","tag-formosa","tag-ministerio-educacion","tag-programa-puente"],"_links":{"self":[{"href":"https:\/\/primiciasclorinda.com\/index.php?rest_route=\/wp\/v2\/posts\/132598","targetHints":{"allow":["GET"]}}],"collection":[{"href":"https:\/\/primiciasclorinda.com\/index.php?rest_route=\/wp\/v2\/posts"}],"about":[{"href":"https:\/\/primiciasclorinda.com\/index.php?rest_route=\/wp\/v2\/types\/post"}],"author":[{"embeddable":true,"href":"https:\/\/primiciasclorinda.com\/index.php?rest_route=\/wp\/v2\/users\/3"}],"replies":[{"embeddable":true,"href":"https:\/\/primiciasclorinda.com\/index.php?rest_route=%2Fwp%2Fv2%2Fcomments&post=132598"}],"version-history":[{"count":1,"href":"https:\/\/primiciasclorinda.com\/index.php?rest_route=\/wp\/v2\/posts\/132598\/revisions"}],"predecessor-version":[{"id":132599,"href":"https:\/\/primiciasclorinda.com\/index.php?rest_route=\/wp\/v2\/posts\/132598\/revisions\/132599"}],"wp:featuredmedia":[{"embeddable":true,"href":"https:\/\/primiciasclorinda.com\/index.php?rest_route=\/wp\/v2\/media\/132587"}],"wp:attachment":[{"href":"https:\/\/primiciasclorinda.com\/index.php?rest_route=%2Fwp%2Fv2%2Fmedia&parent=132598"}],"wp:term":[{"taxonomy":"category","embeddable":true,"href":"https:\/\/primiciasclorinda.com\/index.php?rest_route=%2Fwp%2Fv2%2Fcategories&post=132598"},{"taxonomy":"post_tag","embeddable":true,"href":"https:\/\/primiciasclorinda.com\/index.php?rest_route=%2Fwp%2Fv2%2Ftags&post=132598"}],"curies":[{"name":"wp","href":"https:\/\/api.w.org\/{rel}","templated":true}]}}