{"id":1313,"date":"2016-02-22T02:36:11","date_gmt":"2016-02-22T02:36:11","guid":{"rendered":"http:\/\/primiciasclorinda.com\/?p=1313"},"modified":"2016-02-22T02:38:39","modified_gmt":"2016-02-22T02:38:39","slug":"pedro-ramon-bareiro-el-hombre-al-que-todos-hoy-desconocen","status":"publish","type":"post","link":"https:\/\/primiciasclorinda.com\/?p=1313","title":{"rendered":"Pedro Ram\u00f3n Bareiro, el hombre al que todos hoy desconocen"},"content":{"rendered":"<figure id=\"attachment_1314\" aria-describedby=\"caption-attachment-1314\" style=\"width: 660px\" class=\"wp-caption alignnone\"><img loading=\"lazy\" decoding=\"async\" class=\"size-full wp-image-1314\" src=\"http:\/\/primiciasclorinda.com\/wp-content\/uploads\/2016\/02\/84b31e01668a638abe7273a831001f57_L.jpg\" alt=\"El operativo de la Polic\u00eda Federal en Monte Lindo. \" width=\"660\" height=\"371\" \/><figcaption id=\"caption-attachment-1314\" class=\"wp-caption-text\">El operativo de la Polic\u00eda Federal en Monte Lindo.<\/figcaption><\/figure>\n<p style=\"text-align: justify;\">Inmediatamente conocida la noticia que involucraba al funcionario provincial,\u00a0Pedro Ram\u00f3n Bareiro en el caso del transporte de 50 kilos de coca\u00edna, hubo una reacci\u00f3n en com\u00fan desde distintos sectores, tanto en Clorinda como en Formosa Capital, todos desconocieron al protagonista.\u00a0Cuando comenz\u00f3 a tomar trascendencia el caso, sus \u00abcompa\u00f1eros\u00bb del sector pol\u00edtico donde militaba comenzaron a negar alg\u00fan tipo de relaci\u00f3n, la respuesta por parte del \u00a0ministro de Hacienda fue en el mismo sentido, que se lo pase a disponibilidad hasta que el hecho se aclare. El su versi\u00f3n digital Expres Diario de Formosa Capital hace una detallada descripci\u00f3n sobre qui\u00e9n es Pedro Ram\u00f3n Bareiro, y qu\u00e9 ha hecho en los \u00faltimos a\u00f1os. Compartimos la nota.\u00a0<!--more--><strong>Nota de Expres Diario\u00a0<\/strong><\/p>\n<p>Pedro Ram\u00f3n Bareiro fue detenido luego de que volcara su camioneta Toyota Hilux en la ruta 11 en compa\u00f1\u00eda de su mujer y su hijo porque la polic\u00eda que los asisti\u00f3 lo descubri\u00f3 cuando intentaba esconder 50 kilos de coca\u00edna que llevaba en el veh\u00edculo.<\/p>\n<p style=\"text-align: justify;\">Ahora se investiga la inserci\u00f3n del narcotr\u00e1fico en la pol\u00edtica ya que Bareiro ha tenido varios cargos. Actualmente es asesor del gobierno de Gildo Insfr\u00e1n, el gobernador kirchnerista de Formosa, en el ministerio de Econom\u00eda ya que en las \u00faltimas elecciones se postul\u00f3 a concejal de Clorinda por la agrupaci\u00f3n 17 de Octubre, apoyada por el Frente para la Victoria, pero no logr\u00f3 el cargo.<\/p>\n<p style=\"text-align: justify;\">Tambi\u00e9n forma parte del c\u00edrculo pol\u00edtico del senador por Formosa Miguel \u00c1ngel Mayans y su hermano tiene un cargo clave: jefe del penal de Clorinda. Pero eso no es todo: en la p\u00e1gina oficial del gobierno de Formosa aparece como Comisionado del \u00c1rea de Frontera de Clorinda. Es decir, contaba con todas las facilidades para decidir qu\u00e9 entraba y sal\u00eda del pa\u00eds.<\/p>\n<p style=\"text-align: justify;\">Asimismo, su cercan\u00eda pol\u00edtica con el actual intendente Manuel Celauro lo llev\u00f3 a ocupar el primer lugar como candidato a concejal en la lista que ayud\u00f3 a Celauro a retener la intendencia. Ahora es el sucesor del actual concejal Ferm\u00edn Caballero en caso de renuncia, inhabilidad o muerte.<\/p>\n<p style=\"text-align: justify;\">En diciembre de 2015, Bareiro fue elegido como subsecretario legislativo del Concejo Deliberante de Clorinda, cuyo presidente es Jorge Ariel Alejandro Caniza, sobrino de Manuel Celauro.<\/p>\n<p style=\"text-align: justify;\">Luego del accidente, desde el ministerio de Seguridad provincial comunicaron que el veh\u00edculo se encuentra registrado a nombre de la Direcci\u00f3n de Compras y Suministros del Ministerio de Econom\u00eda, Hacienda y Finanzas de Formosa.<\/p>\n<p style=\"text-align: justify;\">La Provincia dispuso la inmediata \u00absituaci\u00f3n de inactividad\u00bb hasta tanto se aclare su situaci\u00f3n judicial y a trav\u00e9s de la Resoluci\u00f3n 326 del Ministerio de la Secretar\u00eda General del PEP se dispuso que se lleven a cabo las investigaciones para determinar la vinculaci\u00f3n del funcionario con el hecho.<\/p>\n","protected":false},"excerpt":{"rendered":"<div class=\"mh-excerpt\"><p>Inmediatamente conocida la noticia que involucraba al funcionario provincial,\u00a0Pedro Ram\u00f3n Bareiro en el caso del transporte de 50 kilos de coca\u00edna, hubo una reacci\u00f3n en <a class=\"mh-excerpt-more\" href=\"https:\/\/primiciasclorinda.com\/?p=1313\" title=\"Pedro Ram\u00f3n Bareiro, el hombre al que todos hoy desconocen\">[&#8230;]<\/a><\/p>\n<\/div>","protected":false},"author":3,"featured_media":0,"comment_status":"open","ping_status":"open","sticky":false,"template":"","format":"standard","meta":{"footnotes":""},"categories":[4,10],"tags":[26,23,24,301,299,300],"class_list":["post-1313","post","type-post","status-publish","format-standard","hentry","category-informacion-general","category-policiales","tag-clorinda","tag-formosa","tag-manuel-celauro","tag-miguel-angel-mayans","tag-narcopolitica","tag-pedro-ramon-bareiro"],"_links":{"self":[{"href":"https:\/\/primiciasclorinda.com\/index.php?rest_route=\/wp\/v2\/posts\/1313","targetHints":{"allow":["GET"]}}],"collection":[{"href":"https:\/\/primiciasclorinda.com\/index.php?rest_route=\/wp\/v2\/posts"}],"about":[{"href":"https:\/\/primiciasclorinda.com\/index.php?rest_route=\/wp\/v2\/types\/post"}],"author":[{"embeddable":true,"href":"https:\/\/primiciasclorinda.com\/index.php?rest_route=\/wp\/v2\/users\/3"}],"replies":[{"embeddable":true,"href":"https:\/\/primiciasclorinda.com\/index.php?rest_route=%2Fwp%2Fv2%2Fcomments&post=1313"}],"version-history":[{"count":2,"href":"https:\/\/primiciasclorinda.com\/index.php?rest_route=\/wp\/v2\/posts\/1313\/revisions"}],"predecessor-version":[{"id":1316,"href":"https:\/\/primiciasclorinda.com\/index.php?rest_route=\/wp\/v2\/posts\/1313\/revisions\/1316"}],"wp:attachment":[{"href":"https:\/\/primiciasclorinda.com\/index.php?rest_route=%2Fwp%2Fv2%2Fmedia&parent=1313"}],"wp:term":[{"taxonomy":"category","embeddable":true,"href":"https:\/\/primiciasclorinda.com\/index.php?rest_route=%2Fwp%2Fv2%2Fcategories&post=1313"},{"taxonomy":"post_tag","embeddable":true,"href":"https:\/\/primiciasclorinda.com\/index.php?rest_route=%2Fwp%2Fv2%2Ftags&post=1313"}],"curies":[{"name":"wp","href":"https:\/\/api.w.org\/{rel}","templated":true}]}}