{"id":13091,"date":"2019-02-10T12:52:28","date_gmt":"2019-02-10T15:52:28","guid":{"rendered":"http:\/\/primiciasclorinda.com\/?p=13091"},"modified":"2019-02-11T07:51:43","modified_gmt":"2019-02-11T10:51:43","slug":"duhalde-cristina-me-envio-un-mensaje-me-dijo-que-no-veia-mal-lo-de-lavagna","status":"publish","type":"post","link":"https:\/\/primiciasclorinda.com\/?p=13091","title":{"rendered":"Duhalde: \u00abCristina me envi\u00f3 un mensaje, me dijo que no ve\u00eda mal lo de Lavagna\u00bb"},"content":{"rendered":"<p style=\"text-align: justify;\">El expresidente trabaja en el armado de una \u00abgran coalici\u00f3n\u00bb para acompa\u00f1ar la candidatura del exministro de Econom\u00edaEl expresidente trabaja en el armado de una \u00abgran coalici\u00f3n\u00bb para acompa\u00f1ar la candidatura del exministro de Econom\u00eda.<\/p>\n<p>El expresidente Eduardo Duhalde confirm\u00f3 que est\u00e1 trabajando en una \u00abgran coalici\u00f3n\u00bb con \u00abmayor\u00edas parlamentarias\u00bb. Dijo que habla \u00abcon todos los dirigentes\u00bb del pa\u00eds, asegur\u00f3 que \u00abel candidato presidencial es Roberto Lavagna \u00bb y aventur\u00f3 que existen \u00abtodas\u00bb las posibilidades de que se presente en las elecciones presidenciales.<\/p>\n<p style=\"text-align: justify;\">En una entrevista con el <strong><em>Diario La NACI\u00d3N<\/em><\/strong> tambi\u00e9n afirm\u00f3 que quiere un gran acuerdo econ\u00f3mico y social, pero convocado por \u00abtodas las iglesias\u00bb y los credos, cat\u00f3licos, evang\u00e9licos, jud\u00edos y musulmanes.<\/p>\n<p style=\"text-align: justify;\"><strong>-\u00bfUsted est\u00e1 involucrado en el armado del peronismo no kirchnerista?<\/strong><\/p>\n<p style=\"text-align: justify;\">-No, para nada. Estoy involucrado en hacer entender a los dirigentes de distintos partidos que la Argentina no tiene ninguna posibilidad si no armamos una gran coalici\u00f3n con mayor\u00edas parlamentarias. Me estoy ocupando de eso. Porque tengo experiencia y he cometido muchos errores y aciertos.<\/p>\n<p style=\"text-align: justify;\"><strong>-\u00bfQu\u00e9 errores cometi\u00f3?<\/strong><\/p>\n<p style=\"text-align: justify;\">-Cuando dije el que \u00abpuso pesos sacar\u00e1 pesos y el que puso d\u00f3lares sacar\u00e1 d\u00f3lares\u00bb, a los pocos d\u00edas llam\u00e9 a una conferencia de prensa y dije \u00abme equivoqu\u00e9\u00bb. Error garrafal, era un tema muy peligroso. Y despu\u00e9s deb\u00ed haber dejado en 2003 a alguien de mi equipo, no consultar a otros. Ten\u00eda gente buen\u00edsima.<\/p>\n<p style=\"text-align: justify;\"><strong>-\u00bfC\u00f3mo imagina esa gran coalici\u00f3n de gobierno?<\/strong><\/p>\n<p style=\"text-align: justify;\">-Yo estoy hablando con gente de todos los partidos. Y les explico, no es una invenci\u00f3n, lo practiqu\u00e9, no se me ocurri\u00f3 ahora. En 1991, cuando fui gobernador de Buenos Aires, lo llam\u00e9 a don Ra\u00fal [Alfons\u00edn].<\/p>\n<p style=\"text-align: justify;\"><strong>-\u00bfC\u00f3mo ser\u00eda ahora?<\/strong><\/p>\n<p style=\"text-align: justify;\">-Hablo con todos. Yo no voy a aparecer en fotos, porque el candidato es Roberto [Lavagna]&#8230; para m\u00ed. Lo voy a ayudar con mi experiencia, estuve con Ricardito Alfons\u00edn, con Jos\u00e9 Luis Espert y con Alfredo Olmedo. No est\u00e1n en la misma postura ideol\u00f3gica, qu\u00e9 importa eso&#8230;<\/p>\n<p style=\"text-align: justify;\"><strong>-\u00bfEst\u00e1 definido que el candidato a presidente es Lavagna?<\/strong><\/p>\n<p style=\"text-align: justify;\">-No, no&#8230; Para m\u00ed, es Roberto. Puede aparecer otro. Para m\u00ed, el candidato es \u00e9l, por razones muy claras, se ha llevado muy bien con todo el mundo. Yo rechazo absolutamente las peleas, no me vas a escuchar hablar mal de un presidente.<\/p>\n<p style=\"text-align: justify;\"><strong>-\u00bfQu\u00e9 posibilidades hay de que Lavagna acepte la candidatura presidencial?<\/strong><\/p>\n<p style=\"text-align: justify;\">-Para m\u00ed, todas.<\/p>\n<p style=\"text-align: justify;\"><strong>-Lavagna dijo que lo va a decidir a mitad de a\u00f1o&#8230;<\/strong><\/p>\n<p style=\"text-align: justify;\">-Hasta esa \u00e9poca estamos tratando de armar esto [una gran coalici\u00f3n]. Si no se arma, soy el primero que le digo a Roberto: \u00abNo te presentes\u00bb.<\/p>\n<p style=\"text-align: justify;\"><strong>-Tambi\u00e9n en 2002 hizo el Di\u00e1logo Argentino con la Iglesia.<\/strong><\/p>\n<p style=\"text-align: justify;\">-Tambi\u00e9n, entonces le ped\u00ed a la Iglesia que convoque a un di\u00e1logo con todas las fuerzas pol\u00edticas, sociales, y los gremios. Fue algo muy \u00fatil. Les envi\u00e1bamos las cosas y ven\u00edan mejoradas. \u00a1Ven\u00edan mejoradas!<\/p>\n<p style=\"text-align: justify;\"><strong>-\u00bfPiensa ahora, si Lavagna llega al gobierno, en un acuerdo econ\u00f3mico y social con la Iglesia?<\/strong><\/p>\n<p style=\"text-align: justify;\">-Con las iglesias (cat\u00f3licos, evang\u00e9licos, jud\u00edos, musulmanes). Ellos tendr\u00edan que convocar, no el Gobierno ni la oposici\u00f3n, sino el sector espiritual o religioso. Los que conforman el Di\u00e1logo Interreligioso&#8230; para m\u00ed ser\u00eda lo ideal.<\/p>\n<p style=\"text-align: justify;\"><strong>-\u00bfNo es mucho tiempo hasta mitad de a\u00f1o para que Lavagna se decida?<\/strong><\/p>\n<p style=\"text-align: justify;\">-No&#8230; \u00bfQu\u00e9 va a hacer el Presidente? \u00bfQu\u00e9 dijo Cristina Kirchner, se va a presentar?<\/p>\n<p style=\"text-align: justify;\">-Todo el mundo supone que s\u00ed.<\/p>\n<p style=\"text-align: justify;\">-Bueno, lo mismo pasa con Lavagna.<\/p>\n<p style=\"text-align: justify;\"><strong>-\u00bfEn esa coalici\u00f3n amplia podr\u00edan estar, por ejemplo, la izquierda y Cristina?<\/strong><\/p>\n<p style=\"text-align: justify;\">-Habl\u00e9 con Mart\u00edn Lousteau y con la izquierda. Mi opini\u00f3n de Cristina est\u00e1 escrita. Pero&#8230; vamos a ver qu\u00e9 pasa. Lo que creo es que gente como Lavagna no divide, estamos demasiado divididos.<\/p>\n<p style=\"text-align: justify;\"><strong>-\u00bfEn qu\u00e9 qued\u00f3 con Olmedo?<\/strong><\/p>\n<p style=\"text-align: justify;\">-Me reun\u00ed con Olmedo. Lo conozco desde hace a\u00f1os. Es un cruzado. A m\u00ed no me gusta que lo comparen con Jair Bolsonaro, el presidente de Brasil, porque siempre pens\u00f3 lo mismo. Lo aprecio como persona.<\/p>\n<p style=\"text-align: justify;\"><strong>-\u00bfPodr\u00eda integrar la coalici\u00f3n?<\/strong><\/p>\n<p style=\"text-align: justify;\">-S\u00ed, pero le dije: \u00abFijate si ten\u00e9s posibilidades, porque ten\u00e9s poco tiempo\u00bb&#8230; \u00c9l est\u00e1 de acuerdo con eso, o pateamos juntos o no se sale.<\/p>\n<p style=\"text-align: justify;\"><strong>-Lavagna dijo que no quiere ir a primarias con Massa y Urtubey. \u00bfHay posibilidades de que ellos no compitan?<\/strong><\/p>\n<p style=\"text-align: justify;\">-Dios lo dir\u00e1. No s\u00e9&#8230; la verdad que no s\u00e9.<\/p>\n<p style=\"text-align: justify;\"><strong>-Algunos dicen que si Lavagna fuera candidato, la propia Cristina Kirchner podr\u00eda bajarse de la candidatura. \u00bfLo evaluaron?<\/strong><\/p>\n<p style=\"text-align: justify;\">-Es posible. Es posible&#8230; Hace un tiempo, Cristina me envi\u00f3 algunos mensajes por intermedio de sus amigos, y en uno de ellos me dec\u00eda que no ve\u00eda mal lo de Lavagna, pero no s\u00e9&#8230; La verdad que no s\u00e9&#8230;<\/p>\n<p style=\"text-align: justify;\"><strong>-\u00bfLavagna aceptar\u00eda a Olmedo y a Espert en la coalici\u00f3n?<\/strong><\/p>\n<p style=\"text-align: justify;\">-No he hablado con Lavagna de eso, pero me imagino que si uno convoca a una unidad nacional no puede haber exclusiones, salvo que no est\u00e9n de acuerdo con un dec\u00e1logo bien desarrollado.<\/p>\n<p style=\"text-align: justify;\"><strong>-Despu\u00e9s de todo lo que pas\u00f3 en los 90, \u00bfusted se sentar\u00eda a hablar con Carlos Menem?<\/strong><\/p>\n<p style=\"text-align: justify;\">-Pero lo fui a visitar&#8230;<\/p>\n<p style=\"text-align: justify;\"><strong>-\u00bfCu\u00e1ndo?<\/strong><\/p>\n<p style=\"text-align: justify;\">-Hace un tiempo. Lo fui a visitar, ac\u00e1, en su casa de Buenos Aires. Tengo aprecio por Menem. C\u00f3mo no tenerlo. Vivimos juntos momentos dif\u00edciles, muy dif\u00edciles, fui un vicepresidente inc\u00f3modo. Los dos casos sonados de corrupci\u00f3n de esa \u00e9poca, hubo un caso de un banco, que dije que no me presentar\u00eda a gobernador si eso no se aclaraba, porque no iba a querer ser el candidato de un gobierno corrupto.<\/p>\n<p style=\"text-align: justify;\"><strong>-Usted dijo en su momento que \u00abestamos condenados al \u00e9xito\u00bb. \u00bfLo sigue pensando?<\/strong><\/p>\n<p style=\"text-align: justify;\">-\u00bfQu\u00e9 duda puede quedar? La gente no sabe que vivimos en un pa\u00eds inmenso, con todas las riquezas, pero tenemos una dirigencia de \u00abm\u00bb. Lo dije hace a\u00f1os.<\/p>\n<p style=\"text-align: justify;\"><strong>-\u00bfSigue pensando que tenemos una \u00abdirigencia de mierda\u00bb?<\/strong><\/p>\n<p style=\"text-align: justify;\">-\u00a1No, estamos peor! Estamos chapoteando en una cloaca, pele\u00e1ndonos como est\u00fapidos, estamos peor. Pero la salida requiere un compromiso de diez puntos, creo que es posible, tenemos un porvenir venturoso, tenemos todas las posibilidades.<\/p>\n<p>Fuente. Diario La Naci\u00f3n<\/p>\n","protected":false},"excerpt":{"rendered":"<div class=\"mh-excerpt\"><p>El expresidente trabaja en el armado de una \u00abgran coalici\u00f3n\u00bb para acompa\u00f1ar la candidatura del exministro de Econom\u00edaEl expresidente trabaja en el armado de una <a class=\"mh-excerpt-more\" href=\"https:\/\/primiciasclorinda.com\/?p=13091\" title=\"Duhalde: \u00abCristina me envi\u00f3 un mensaje, me dijo que no ve\u00eda mal lo de Lavagna\u00bb\">[&#8230;]<\/a><\/p>\n<\/div>","protected":false},"author":3,"featured_media":13092,"comment_status":"open","ping_status":"open","sticky":false,"template":"","format":"standard","meta":{"footnotes":""},"categories":[3],"tags":[403,2320,2092,2010,298],"class_list":["post-13091","post","type-post","status-publish","format-standard","has-post-thumbnail","hentry","category-politica-economia","tag-cristina-fernandez-de-kirchner","tag-eduardo-duhalde","tag-elecciones-2019","tag-peronismo","tag-pj"],"_links":{"self":[{"href":"https:\/\/primiciasclorinda.com\/index.php?rest_route=\/wp\/v2\/posts\/13091","targetHints":{"allow":["GET"]}}],"collection":[{"href":"https:\/\/primiciasclorinda.com\/index.php?rest_route=\/wp\/v2\/posts"}],"about":[{"href":"https:\/\/primiciasclorinda.com\/index.php?rest_route=\/wp\/v2\/types\/post"}],"author":[{"embeddable":true,"href":"https:\/\/primiciasclorinda.com\/index.php?rest_route=\/wp\/v2\/users\/3"}],"replies":[{"embeddable":true,"href":"https:\/\/primiciasclorinda.com\/index.php?rest_route=%2Fwp%2Fv2%2Fcomments&post=13091"}],"version-history":[{"count":3,"href":"https:\/\/primiciasclorinda.com\/index.php?rest_route=\/wp\/v2\/posts\/13091\/revisions"}],"predecessor-version":[{"id":13095,"href":"https:\/\/primiciasclorinda.com\/index.php?rest_route=\/wp\/v2\/posts\/13091\/revisions\/13095"}],"wp:featuredmedia":[{"embeddable":true,"href":"https:\/\/primiciasclorinda.com\/index.php?rest_route=\/wp\/v2\/media\/13092"}],"wp:attachment":[{"href":"https:\/\/primiciasclorinda.com\/index.php?rest_route=%2Fwp%2Fv2%2Fmedia&parent=13091"}],"wp:term":[{"taxonomy":"category","embeddable":true,"href":"https:\/\/primiciasclorinda.com\/index.php?rest_route=%2Fwp%2Fv2%2Fcategories&post=13091"},{"taxonomy":"post_tag","embeddable":true,"href":"https:\/\/primiciasclorinda.com\/index.php?rest_route=%2Fwp%2Fv2%2Ftags&post=13091"}],"curies":[{"name":"wp","href":"https:\/\/api.w.org\/{rel}","templated":true}]}}