{"id":130470,"date":"2026-04-14T08:24:07","date_gmt":"2026-04-14T11:24:07","guid":{"rendered":"https:\/\/primiciasclorinda.com\/?p=130470"},"modified":"2026-04-14T08:24:08","modified_gmt":"2026-04-14T11:24:08","slug":"formosa-impulsa-una-formacion-clave-para-el-futuro-de-la-salud-lanzan-una-especializacion-en-electromedicina","status":"publish","type":"post","link":"https:\/\/primiciasclorinda.com\/?p=130470","title":{"rendered":"Formosa impulsa una formaci\u00f3n clave para el futuro de la salud: lanzan una especializaci\u00f3n en electromedicina"},"content":{"rendered":"\n<p><strong>La provincia lanz\u00f3 la Formaci\u00f3n Continua en Electromedicina, una propuesta destinada a t\u00e9cnicos que busca fortalecer el sistema sanitario mediante capacitaci\u00f3n en equipamiento m\u00e9dico. La inscripci\u00f3n estar\u00e1 abierta del 13 al 17 de abril.<\/strong><\/p>\n\n\n\n<p><strong>En un contexto de desfinanciamiento&nbsp;dentro del sistema sanitario a nivel nacional, la provincia de Formosa present\u00f3 una nueva propuesta educativa orientada a fortalecer el \u00e1rea t\u00e9cnica en salud:&nbsp;la Formaci\u00f3n Continua en Electromedicina, una iniciativa que busca capacitar profesionales para acompa\u00f1ar el crecimiento del equipamiento m\u00e9dico en hospitales y centros de atenci\u00f3n.<\/strong><\/p>\n\n\n\n<figure class=\"wp-block-image size-large is-resized\"><img loading=\"lazy\" decoding=\"async\" width=\"600\" height=\"126\" src=\"http:\/\/primiciasclorinda.com\/wp-content\/uploads\/2026\/04\/ausp-hipergasdeconfianza-5-600x126.jpg\" alt=\"\" class=\"wp-image-126824\" style=\"width:840px;height:auto\" srcset=\"https:\/\/primiciasclorinda.com\/wp-content\/uploads\/2026\/04\/ausp-hipergasdeconfianza-5-600x126.jpg 600w, https:\/\/primiciasclorinda.com\/wp-content\/uploads\/2026\/04\/ausp-hipergasdeconfianza-5-300x63.jpg 300w, https:\/\/primiciasclorinda.com\/wp-content\/uploads\/2026\/04\/ausp-hipergasdeconfianza-5-768x162.jpg 768w, https:\/\/primiciasclorinda.com\/wp-content\/uploads\/2026\/04\/ausp-hipergasdeconfianza-5.jpg 950w\" sizes=\"auto, (max-width: 600px) 100vw, 600px\" \/><\/figure>\n\n\n\n<p><strong>La propuesta surge de un trabajo articulado entre el Ministerio de Desarrollo Humano, la Secretar\u00eda de Ciencia y Tecnolog\u00eda, el Instituto Polit\u00e9cnico Formosa, la Universidad Provincial de Laguna Blanca y el Centro de Medicina Nuclear y Radioterapia rubricado en un convenio entre las instituciones, con el objetivo de reducir la dependencia de servicios t\u00e9cnicos externos y mejorar la calidad de las&nbsp;<a href=\"https:\/\/neahoy.com\/2026\/03\/16\/lo-que-hace-formosa-es-lo-que-hay-que-hacer-eminencia-medica-destaco-el-papel-de-laformed-para-cuidar-a-los-adultos-mayores\/\" target=\"_blank\" rel=\"noreferrer noopener\">prestaciones sanitarias en todo el territorio provincial.<\/a><\/strong><\/p>\n\n\n\n<p><strong>Tal como informaron desde las entidades, la formaci\u00f3n est\u00e1 dirigida a t\u00e9cnicos superiores en mecatr\u00f3nica, telecomunicaciones y carreras afines, quienes podr\u00e1n especializarse en el manejo, mantenimiento e instalaci\u00f3n de equipos biom\u00e9dicos. La iniciativa apunta a cubrir una demanda creciente de recurso humano calificado, en un sistema de salud que ha incorporado<a href=\"https:\/\/neahoy.com\/2026\/03\/25\/cancer-de-cuello-uterino-prevencion-controles-y-el-rol-clave-de-la-vacuna-contra-el-hpv\/\" target=\"_blank\" rel=\"noreferrer noopener\">&nbsp;tecnolog\u00eda de mediana y alta complejidad<\/a>&nbsp;en los \u00faltimos a\u00f1os. En el caso de presentar t\u00edtulos equivalentes, tambi\u00e9n deber\u00e1n adjuntarse los programas de las materias cursadas y aprobadas.<\/strong><\/p>\n\n\n\n<p><strong>C\u00f3mo postularse a la Formaci\u00f3n Continua en Electromedicina<\/strong><\/p>\n\n\n\n<p><strong>Quienes deseen inscribirse deber\u00e1n enviar su postulaci\u00f3n por correo electr\u00f3nico, adjuntando la documentaci\u00f3n requerida en formato PDF.&nbsp;A continuaci\u00f3n, los puntos clave a tener en cuenta:<\/strong><\/p>\n\n\n\n<ul class=\"wp-block-list\">\n<li><strong>Correo de contacto:\u00a0ipfelectromedicina@ipf.edu.ar<\/strong><\/li>\n\n\n\n<li><strong>Fechas de preinscripci\u00f3n:\u00a0del 13 al 17 de abril<\/strong><\/li>\n<\/ul>\n\n\n\n<p><strong>Documentaci\u00f3n obligatoria:<\/strong><\/p>\n\n\n\n<ul class=\"wp-block-list\">\n<li><strong>Nota de postulaci\u00f3n con datos personales (nombre completo, DNI, t\u00edtulo, domicilio, tel\u00e9fono y correo electr\u00f3nico)<\/strong><\/li>\n\n\n\n<li><strong>Certificado de vacunaci\u00f3n<\/strong><\/li>\n\n\n\n<li><strong>T\u00edtulo de formaci\u00f3n t\u00e9cnica<\/strong><\/li>\n\n\n\n<li><strong>Certificado anal\u00edtico<\/strong><\/li>\n\n\n\n<li><strong>Certificado de domicilio en la provincia de Formosa<\/strong><\/li>\n<\/ul>\n\n\n\n<h2 class=\"wp-block-heading\"><strong>Modalidad y duraci\u00f3n de cursada<\/strong><\/h2>\n\n\n\n<p><strong>Con una duraci\u00f3n de ocho meses y una carga horaria total de 500 horas, la cursada ser\u00e1 presencial, con r\u00e9gimen modular y asistencia de lunes a viernes en jornada completa.<\/strong>&nbsp;Adem\u00e1s, contempla pr\u00e1cticas profesionales supervisadas en hospitales y centros especializados, donde los estudiantes podr\u00e1n aplicar los conocimientos en entornos reales.&nbsp;<strong>El perfil profesional que se busca formar incluye competencias en asistencia t\u00e9cnica, evaluaci\u00f3n de equipos, mantenimiento preventivo y correctivo, gesti\u00f3n tecnol\u00f3gica y participaci\u00f3n en \u00e1reas vinculadas a la medicina nuclear y la radioterapia, siempre bajo supervisi\u00f3n profesional.<\/strong><\/p>\n\n\n\n<p><strong>En cuanto al campo laboral, los egresados podr\u00e1n desempe\u00f1arse tanto en el sector p\u00fablico como privado, incluyendo hospitales, centros de diagn\u00f3stico, empresas de tecnolog\u00eda biom\u00e9dica, organismos estatales e incluso en \u00e1mbitos de investigaci\u00f3n y educaci\u00f3n.&nbsp;Las preinscripciones estar\u00e1n abiertas del 13 al 17 de abril y requerir\u00e1n la presentaci\u00f3n de documentaci\u00f3n personal, acad\u00e9mica y sanitaria, incluyendo t\u00edtulo, certificado anal\u00edtico, constancia de domicilio en la provincia de Formosa y esquema de vacunaci\u00f3n completo.<\/strong><\/p>\n\n\n\n<p><strong>Desde el Gobierno provincial destacan que&nbsp;<a href=\"https:\/\/neahoy.com\/2026\/03\/13\/soberania-sanitaria-en-formosa-el-impacto-del-ciclotron-y-el-fin-de-la-dependencia-logistica\/\" target=\"_blank\" rel=\"noreferrer noopener\">esta propuesta no solo apunta a mejorar la calidad del sistema de salud<\/a>, sino tambi\u00e9n a generar nuevas oportunidades laborales calificadas para j\u00f3venes formose\u00f1os, en un sector estrat\u00e9gico donde la ciencia y la tecnolog\u00eda se vuelven cada vez m\u00e1s determinantes.&nbsp;En ese sentido, la formaci\u00f3n en electromedicina aparece como una apuesta a largo plazo:&nbsp;formar profesionales capaces de sostener, gestionar y potenciar la infraestructura sanitaria,&nbsp;garantizando un servicio m\u00e1s eficiente, seguro y accesible para toda la poblaci\u00f3n.<\/strong><\/p>\n\n\n<figure class=\"wp-block-post-featured-image\"><img loading=\"lazy\" decoding=\"async\" width=\"950\" height=\"600\" src=\"https:\/\/primiciasclorinda.com\/wp-content\/uploads\/2026\/04\/cienciaytecnoo-3.jpg\" class=\"attachment-post-thumbnail size-post-thumbnail wp-post-image\" alt=\"\" style=\"object-fit:cover;\" srcset=\"https:\/\/primiciasclorinda.com\/wp-content\/uploads\/2026\/04\/cienciaytecnoo-3.jpg 950w, https:\/\/primiciasclorinda.com\/wp-content\/uploads\/2026\/04\/cienciaytecnoo-3-300x189.jpg 300w, https:\/\/primiciasclorinda.com\/wp-content\/uploads\/2026\/04\/cienciaytecnoo-3-475x300.jpg 475w, https:\/\/primiciasclorinda.com\/wp-content\/uploads\/2026\/04\/cienciaytecnoo-3-768x485.jpg 768w\" sizes=\"auto, (max-width: 950px) 100vw, 950px\" \/><\/figure>","protected":false},"excerpt":{"rendered":"<div class=\"mh-excerpt\"><p>La provincia lanz\u00f3 la Formaci\u00f3n Continua en Electromedicina, una propuesta destinada a t\u00e9cnicos que busca fortalecer el sistema sanitario mediante capacitaci\u00f3n en equipamiento m\u00e9dico. La <a class=\"mh-excerpt-more\" href=\"https:\/\/primiciasclorinda.com\/?p=130470\" title=\"Formosa impulsa una formaci\u00f3n clave para el futuro de la salud: lanzan una especializaci\u00f3n en electromedicina\">[&#8230;]<\/a><\/p>\n<\/div>","protected":false},"author":3,"featured_media":130457,"comment_status":"open","ping_status":"open","sticky":false,"template":"","format":"standard","meta":{"footnotes":""},"categories":[3],"tags":[7018,7017,881],"class_list":["post-130470","post","type-post","status-publish","format-standard","has-post-thumbnail","hentry","category-politica-economia","tag-electromedicina","tag-fprmosa","tag-salud"],"_links":{"self":[{"href":"https:\/\/primiciasclorinda.com\/index.php?rest_route=\/wp\/v2\/posts\/130470","targetHints":{"allow":["GET"]}}],"collection":[{"href":"https:\/\/primiciasclorinda.com\/index.php?rest_route=\/wp\/v2\/posts"}],"about":[{"href":"https:\/\/primiciasclorinda.com\/index.php?rest_route=\/wp\/v2\/types\/post"}],"author":[{"embeddable":true,"href":"https:\/\/primiciasclorinda.com\/index.php?rest_route=\/wp\/v2\/users\/3"}],"replies":[{"embeddable":true,"href":"https:\/\/primiciasclorinda.com\/index.php?rest_route=%2Fwp%2Fv2%2Fcomments&post=130470"}],"version-history":[{"count":1,"href":"https:\/\/primiciasclorinda.com\/index.php?rest_route=\/wp\/v2\/posts\/130470\/revisions"}],"predecessor-version":[{"id":130471,"href":"https:\/\/primiciasclorinda.com\/index.php?rest_route=\/wp\/v2\/posts\/130470\/revisions\/130471"}],"wp:featuredmedia":[{"embeddable":true,"href":"https:\/\/primiciasclorinda.com\/index.php?rest_route=\/wp\/v2\/media\/130457"}],"wp:attachment":[{"href":"https:\/\/primiciasclorinda.com\/index.php?rest_route=%2Fwp%2Fv2%2Fmedia&parent=130470"}],"wp:term":[{"taxonomy":"category","embeddable":true,"href":"https:\/\/primiciasclorinda.com\/index.php?rest_route=%2Fwp%2Fv2%2Fcategories&post=130470"},{"taxonomy":"post_tag","embeddable":true,"href":"https:\/\/primiciasclorinda.com\/index.php?rest_route=%2Fwp%2Fv2%2Ftags&post=130470"}],"curies":[{"name":"wp","href":"https:\/\/api.w.org\/{rel}","templated":true}]}}