{"id":13013,"date":"2019-02-04T07:56:18","date_gmt":"2019-02-04T10:56:18","guid":{"rendered":"http:\/\/primiciasclorinda.com\/?p=13013"},"modified":"2019-02-04T07:56:18","modified_gmt":"2019-02-04T10:56:18","slug":"este-es-el-lugar-en-donde-encontraron-el-avion-de-emiliano-sala","status":"publish","type":"post","link":"https:\/\/primiciasclorinda.com\/?p=13013","title":{"rendered":"Este es el lugar en donde encontraron el avi\u00f3n de Emiliano Sala"},"content":{"rendered":"<p style=\"text-align: justify;\">El rescatista marino David Mearns, de la empresa de buques privada Bluewater, confirm\u00f3 ayer que encontraron los restos de la avionetaen la que viajaba Emiliano Sala, el futbolista desaparecido hace 13 d\u00edas en el Canal de La Mancha.<\/p>\n<p style=\"text-align: justify;\">El hallazgo fue a unos 40 kil\u00f3metros al noroeste del \u00faltimo contacto con el avi\u00f3n, seg\u00fan las especificaciones del sitio Marine Traffic.<\/p>\n<p style=\"text-align: justify;\">Seg\u00fan la empresa, el avi\u00f3n Piper Malibu N264D se encuentra a, al menos, 63 metros de profundidad. Una embarcaci\u00f3n de la Oficina de Investigaci\u00f3n de Accidentes A\u00e9reos (AAIB) desplegar\u00e1 un veh\u00edculo de b\u00fasqueda submarina para hacer una confirmaci\u00f3n visual.<\/p>\n<p style=\"text-align: justify;\"><img loading=\"lazy\" decoding=\"async\" class=\"alignnone size-full wp-image-13015\" src=\"http:\/\/primiciasclorinda.com\/wp-content\/uploads\/2019\/02\/avion2.png\" alt=\"\" width=\"590\" height=\"425\" srcset=\"https:\/\/primiciasclorinda.com\/wp-content\/uploads\/2019\/02\/avion2.png 590w, https:\/\/primiciasclorinda.com\/wp-content\/uploads\/2019\/02\/avion2-300x216.png 300w, https:\/\/primiciasclorinda.com\/wp-content\/uploads\/2019\/02\/avion2-416x300.png 416w\" sizes=\"auto, (max-width: 590px) 100vw, 590px\" \/><\/p>\n<p style=\"text-align: justify;\">El \u00e1rea de rastrillaje comprendi\u00f3 unas cuatro millas n\u00e1uticas, unos ocho kil\u00f3metros cuadrados.<\/p>\n<p style=\"text-align: justify;\">El domingo, a las 00.30 (hora de la Argentina) los buques rescatistas zarparon de la pen\u00ednsula de Cotentin y pese a que las tareas pod\u00edan tardar al menos tres d\u00edas, seg\u00fan indicaron, pero la noticia lleg\u00f3 antes.<\/p>\n<p style=\"text-align: justify;\">Pasadas las 18 de ayer, Mearns confirm\u00f3 que \u00ablos restos del avi\u00f3n en el que viajaba Emiliano Sala y su piloto fueron ubicados esta ma\u00f1ana por el barco FPV Morven, operado por A-2-sea\u00bb.<\/p>\n<p style=\"text-align: justify;\">\u00abSobre la base de una evaluaci\u00f3n detallada de la trayectoria de vuelo y la \u00faltima posici\u00f3n de radar conocida, logramos detectar el avi\u00f3n\u00bb, se\u00f1al\u00f3.<\/p>\n<p style=\"text-align: justify;\">Fuente: Diario La Naci\u00f3n<\/p>\n","protected":false},"excerpt":{"rendered":"<div class=\"mh-excerpt\"><p>El rescatista marino David Mearns, de la empresa de buques privada Bluewater, confirm\u00f3 ayer que encontraron los restos de la avionetaen la que viajaba Emiliano <a class=\"mh-excerpt-more\" href=\"https:\/\/primiciasclorinda.com\/?p=13013\" title=\"Este es el lugar en donde encontraron el avi\u00f3n de Emiliano Sala\">[&#8230;]<\/a><\/p>\n<\/div>","protected":false},"author":3,"featured_media":13014,"comment_status":"open","ping_status":"open","sticky":false,"template":"","format":"standard","meta":{"footnotes":""},"categories":[5],"tags":[2290],"class_list":["post-13013","post","type-post","status-publish","format-standard","has-post-thumbnail","hentry","category-deportes","tag-emiliano-sala"],"_links":{"self":[{"href":"https:\/\/primiciasclorinda.com\/index.php?rest_route=\/wp\/v2\/posts\/13013","targetHints":{"allow":["GET"]}}],"collection":[{"href":"https:\/\/primiciasclorinda.com\/index.php?rest_route=\/wp\/v2\/posts"}],"about":[{"href":"https:\/\/primiciasclorinda.com\/index.php?rest_route=\/wp\/v2\/types\/post"}],"author":[{"embeddable":true,"href":"https:\/\/primiciasclorinda.com\/index.php?rest_route=\/wp\/v2\/users\/3"}],"replies":[{"embeddable":true,"href":"https:\/\/primiciasclorinda.com\/index.php?rest_route=%2Fwp%2Fv2%2Fcomments&post=13013"}],"version-history":[{"count":1,"href":"https:\/\/primiciasclorinda.com\/index.php?rest_route=\/wp\/v2\/posts\/13013\/revisions"}],"predecessor-version":[{"id":13016,"href":"https:\/\/primiciasclorinda.com\/index.php?rest_route=\/wp\/v2\/posts\/13013\/revisions\/13016"}],"wp:featuredmedia":[{"embeddable":true,"href":"https:\/\/primiciasclorinda.com\/index.php?rest_route=\/wp\/v2\/media\/13014"}],"wp:attachment":[{"href":"https:\/\/primiciasclorinda.com\/index.php?rest_route=%2Fwp%2Fv2%2Fmedia&parent=13013"}],"wp:term":[{"taxonomy":"category","embeddable":true,"href":"https:\/\/primiciasclorinda.com\/index.php?rest_route=%2Fwp%2Fv2%2Fcategories&post=13013"},{"taxonomy":"post_tag","embeddable":true,"href":"https:\/\/primiciasclorinda.com\/index.php?rest_route=%2Fwp%2Fv2%2Ftags&post=13013"}],"curies":[{"name":"wp","href":"https:\/\/api.w.org\/{rel}","templated":true}]}}