{"id":129271,"date":"2026-04-12T09:32:35","date_gmt":"2026-04-12T12:32:35","guid":{"rendered":"https:\/\/primiciasclorinda.com\/?p=129271"},"modified":"2026-04-12T09:32:36","modified_gmt":"2026-04-12T12:32:36","slug":"una-imagen-sobre-la-represion-a-la-protesta-social-en-la-argentina-de-milei-gano-el-world-press-photo","status":"publish","type":"post","link":"https:\/\/primiciasclorinda.com\/?p=129271","title":{"rendered":"Una imagen sobre la represi\u00f3n a la protesta social en la Argentina de Milei gan\u00f3 el World Press Photo"},"content":{"rendered":"\n<p><strong>La foto de Tadeo Bourbon sobre la detenci\u00f3n del cura \u201cChueco\u201d Romero recibi\u00f3 el prestigioso galard\u00f3n. Tambi\u00e9n distinguieron un proyecto de Pablo Piovano.<\/strong><\/p>\n\n\n\n<p><strong>La detenci\u00f3n del sacerdote Jorge \u201cChueco\u201d Romero durante una protesta de jubilados frente al Congreso, el 14 de mayo de 2025, qued\u00f3 inmortalizada en una imagen que ahora obtuvo reconocimiento internacional.&nbsp;El fot\u00f3grafo argentino Tadeo Bourbon, colaborador de&nbsp;<em>La Naci\u00f3n<\/em>,&nbsp;fue distinguido por la organizaci\u00f3n World Press Photo (WPP) en la categor\u00eda de fotograf\u00eda individual de la regi\u00f3n sudamericana.<\/strong><\/p>\n\n\n\n<figure class=\"wp-block-image size-large is-resized\"><img loading=\"lazy\" decoding=\"async\" width=\"600\" height=\"126\" src=\"http:\/\/primiciasclorinda.com\/wp-content\/uploads\/2026\/04\/ausp-hipergasdeconfianza-5-600x126.jpg\" alt=\"\" class=\"wp-image-126824\" style=\"width:840px;height:auto\" srcset=\"https:\/\/primiciasclorinda.com\/wp-content\/uploads\/2026\/04\/ausp-hipergasdeconfianza-5-600x126.jpg 600w, https:\/\/primiciasclorinda.com\/wp-content\/uploads\/2026\/04\/ausp-hipergasdeconfianza-5-300x63.jpg 300w, https:\/\/primiciasclorinda.com\/wp-content\/uploads\/2026\/04\/ausp-hipergasdeconfianza-5-768x162.jpg 768w, https:\/\/primiciasclorinda.com\/wp-content\/uploads\/2026\/04\/ausp-hipergasdeconfianza-5.jpg 950w\" sizes=\"auto, (max-width: 600px) 100vw, 600px\" \/><\/figure>\n\n\n\n<p><strong>La imagen premiada, presentada bajo el t\u00edtulo&nbsp;<em>La Argentina de Milei<\/em>,&nbsp;retrata el momento en que efectivos policiales reducen al religioso en medio de una manifestaci\u00f3n marcada por reclamos por pensiones y acceso a medicamentos. Seg\u00fan el jurado, la fotograf\u00eda logra \u201ccapturar un momento decisivo\u201d a trav\u00e9s de una composici\u00f3n din\u00e1mica que enfatiza el contraste entre la fuerza policial y la vulnerabilidad del sacerdote.<\/strong><\/p>\n\n\n\n<p><strong>Romero hab\u00eda intervenido para asistir al padre Francisco \u201cPaco\u201d Olveira, detenido minutos antes. Ambos integran el grupo Opci\u00f3n por los Pobres. La escena, de fuerte carga simb\u00f3lica, fue valorada como una representaci\u00f3n del conflicto social y de las tensiones en torno a las pol\u00edticas p\u00fablicas hacia los sectores m\u00e1s vulnerables.<\/strong><\/p>\n\n\n\n<p><strong>En la edici\u00f3n 2025 del certamen participaron 3.747 fot\u00f3grafos de 141 pa\u00edses,&nbsp;con un total de 57.376 im\u00e1genes. En Sudam\u00e9rica, Bourbon comparti\u00f3 el reconocimiento con el ecuatoriano Santiago Arcos y la brasile\u00f1a Priscila Ribeiro.&nbsp;Los premiados recibir\u00e1n mil euros, una distinci\u00f3n honor\u00edfica y ser\u00e1n invitados a \u00c1msterdam, donde sus trabajos se exhibir\u00e1n&nbsp;entre el 24 de abril y el 27 de septiembre en la iglesia De Nieuwe Kerk.<\/strong><\/p>\n\n\n\n<p><strong>El trabajo de Piovano, nuevamente reconocido<\/strong><\/p>\n\n\n\n<p><strong>El fot\u00f3grafo argentino&nbsp;Pablo Piovano fue galardonado en la categor\u00eda de proyecto a largo plazo por&nbsp;<em>El costo humano de los agrot\u00f3xicos<\/em>,&nbsp;una investigaci\u00f3n visual que documenta las consecuencias del uso de agroqu\u00edmicos en comunidades rurales. El trabajo, que&nbsp;ya hab\u00eda sido premiado en 2024, refuerza su impacto al visibilizar problem\u00e1ticas de salud y ambientales persistentes en la regi\u00f3n.<\/strong><\/p>\n\n\n<figure class=\"wp-block-post-featured-image\"><img loading=\"lazy\" decoding=\"async\" width=\"950\" height=\"600\" src=\"https:\/\/primiciasclorinda.com\/wp-content\/uploads\/2026\/04\/nosesalvanadie-1.jpg\" class=\"attachment-post-thumbnail size-post-thumbnail wp-post-image\" alt=\"\" style=\"object-fit:cover;\" srcset=\"https:\/\/primiciasclorinda.com\/wp-content\/uploads\/2026\/04\/nosesalvanadie-1.jpg 950w, https:\/\/primiciasclorinda.com\/wp-content\/uploads\/2026\/04\/nosesalvanadie-1-300x189.jpg 300w, https:\/\/primiciasclorinda.com\/wp-content\/uploads\/2026\/04\/nosesalvanadie-1-475x300.jpg 475w, https:\/\/primiciasclorinda.com\/wp-content\/uploads\/2026\/04\/nosesalvanadie-1-768x485.jpg 768w\" sizes=\"auto, (max-width: 950px) 100vw, 950px\" \/><\/figure>","protected":false},"excerpt":{"rendered":"<div class=\"mh-excerpt\"><p>La foto de Tadeo Bourbon sobre la detenci\u00f3n del cura \u201cChueco\u201d Romero recibi\u00f3 el prestigioso galard\u00f3n. Tambi\u00e9n distinguieron un proyecto de Pablo Piovano. La detenci\u00f3n <a class=\"mh-excerpt-more\" href=\"https:\/\/primiciasclorinda.com\/?p=129271\" title=\"Una imagen sobre la represi\u00f3n a la protesta social en la Argentina de Milei gan\u00f3 el World Press Photo\">[&#8230;]<\/a><\/p>\n<\/div>","protected":false},"author":3,"featured_media":129398,"comment_status":"open","ping_status":"open","sticky":false,"template":"","format":"standard","meta":{"footnotes":""},"categories":[4],"tags":[6987,6986,6985,6983],"class_list":["post-129271","post","type-post","status-publish","format-standard","has-post-thumbnail","hentry","category-informacion-general","tag-fotografia-represion","tag-premio-internacional","tag-tadeo-bourdon","tag-world-press-photo"],"_links":{"self":[{"href":"https:\/\/primiciasclorinda.com\/index.php?rest_route=\/wp\/v2\/posts\/129271","targetHints":{"allow":["GET"]}}],"collection":[{"href":"https:\/\/primiciasclorinda.com\/index.php?rest_route=\/wp\/v2\/posts"}],"about":[{"href":"https:\/\/primiciasclorinda.com\/index.php?rest_route=\/wp\/v2\/types\/post"}],"author":[{"embeddable":true,"href":"https:\/\/primiciasclorinda.com\/index.php?rest_route=\/wp\/v2\/users\/3"}],"replies":[{"embeddable":true,"href":"https:\/\/primiciasclorinda.com\/index.php?rest_route=%2Fwp%2Fv2%2Fcomments&post=129271"}],"version-history":[{"count":1,"href":"https:\/\/primiciasclorinda.com\/index.php?rest_route=\/wp\/v2\/posts\/129271\/revisions"}],"predecessor-version":[{"id":129400,"href":"https:\/\/primiciasclorinda.com\/index.php?rest_route=\/wp\/v2\/posts\/129271\/revisions\/129400"}],"wp:featuredmedia":[{"embeddable":true,"href":"https:\/\/primiciasclorinda.com\/index.php?rest_route=\/wp\/v2\/media\/129398"}],"wp:attachment":[{"href":"https:\/\/primiciasclorinda.com\/index.php?rest_route=%2Fwp%2Fv2%2Fmedia&parent=129271"}],"wp:term":[{"taxonomy":"category","embeddable":true,"href":"https:\/\/primiciasclorinda.com\/index.php?rest_route=%2Fwp%2Fv2%2Fcategories&post=129271"},{"taxonomy":"post_tag","embeddable":true,"href":"https:\/\/primiciasclorinda.com\/index.php?rest_route=%2Fwp%2Fv2%2Ftags&post=129271"}],"curies":[{"name":"wp","href":"https:\/\/api.w.org\/{rel}","templated":true}]}}