{"id":126285,"date":"2026-04-08T08:54:26","date_gmt":"2026-04-08T11:54:26","guid":{"rendered":"https:\/\/primiciasclorinda.com\/?p=126285"},"modified":"2026-04-08T08:54:27","modified_gmt":"2026-04-08T11:54:27","slug":"vimos-cosas-que-ningun-ser-humano-ha-visto-jamas-el-asombro-de-la-tripulacion-de-artemis-ii-tras-el-sobrevuelo-del-lado-oculto-de-la-luna","status":"publish","type":"post","link":"https:\/\/primiciasclorinda.com\/?p=126285","title":{"rendered":"\u00abVimos cosas que ning\u00fan ser humano ha visto jam\u00e1s\u00bb: el asombro de la tripulaci\u00f3n de Artemis II tras el sobrevuelo del lado oculto de la Luna"},"content":{"rendered":"\n<p><strong>Los cuatro astronautas de la misi\u00f3n Artemis II de la NASA viajan de regreso a casa despu\u00e9s de un dram\u00e1tico sobrevuelo lunar que los llev\u00f3 m\u00e1s lejos de la Tierra que cualquier otro ser humano.<\/strong><\/p>\n\n\n\n<p><strong>Durante su viaje, la tripulaci\u00f3n perdi\u00f3 contacto con la Tierra durante 40 minutos, algo que los cient\u00edficos ya hab\u00edan advertido que ocurrir\u00eda.<\/strong><\/p>\n\n\n\n<figure class=\"wp-block-image size-large is-resized\"><img loading=\"lazy\" decoding=\"async\" width=\"600\" height=\"126\" src=\"http:\/\/primiciasclorinda.com\/wp-content\/uploads\/2026\/03\/hipergasdeconfianza-5-1-600x126.jpg\" alt=\"\" class=\"wp-image-121278\" style=\"width:840px;height:auto\" srcset=\"https:\/\/primiciasclorinda.com\/wp-content\/uploads\/2026\/03\/hipergasdeconfianza-5-1-600x126.jpg 600w, https:\/\/primiciasclorinda.com\/wp-content\/uploads\/2026\/03\/hipergasdeconfianza-5-1-300x63.jpg 300w, https:\/\/primiciasclorinda.com\/wp-content\/uploads\/2026\/03\/hipergasdeconfianza-5-1-768x162.jpg 768w, https:\/\/primiciasclorinda.com\/wp-content\/uploads\/2026\/03\/hipergasdeconfianza-5-1.jpg 950w\" sizes=\"auto, (max-width: 600px) 100vw, 600px\" \/><\/figure>\n\n\n\n<p><strong>El momento m\u00e1s emocionante del viaje ocurri\u00f3 este lunes cuando los astronautas de la misi\u00f3n se convirtieron en los primeros humanos en m\u00e1s de 50 a\u00f1os en ver con sus propios ojos la cara oculta de la Luna.<\/strong><\/p>\n\n\n\n<p><strong>Sondas espaciales de China e India ya han explorado este misterioso \u00ablado oculto\u00bb, pero, ahora, seres humanos lo observaron y registraron en im\u00e1genes para posteriores an\u00e1lisis.<\/strong><\/p>\n\n\n\n<p><strong>Lo que estamos viendo es \u00abrealmente dif\u00edcil de describir\u00bb, dijo el piloto de la misi\u00f3n, Victor Glover, cuando logr\u00f3 comunicarse nuevamente con la NASA.<\/strong><\/p>\n\n\n\n<p><strong>El comandante Reid Wiseman a\u00f1adi\u00f3 sus observaciones: \u00abEs simplemente indescriptible. Por m\u00e1s que lo miremos, nuestro cerebro no logra procesar esta imagen\u00bb, sostuvo.<\/strong><\/p>\n\n\n\n<p><strong>\u00abEs absolutamente espectacular, surrealista&#8230; no hay adjetivos, voy a tener que inventar algunos nuevos, no hay palabras para describir lo que vemos por esta ventana\u00bb, agreg\u00f3.<\/strong><\/p>\n\n\n\n<p><strong>Y las fotos que han enviado hasta la fecha dan cuenta de estos comentarios.<\/strong><\/p>\n\n\n<figure class=\"wp-block-post-featured-image\"><img loading=\"lazy\" decoding=\"async\" width=\"950\" height=\"600\" src=\"https:\/\/primiciasclorinda.com\/wp-content\/uploads\/2026\/04\/fotosdelaluna-4.jpg\" class=\"attachment-post-thumbnail size-post-thumbnail wp-post-image\" alt=\"\" style=\"object-fit:cover;\" srcset=\"https:\/\/primiciasclorinda.com\/wp-content\/uploads\/2026\/04\/fotosdelaluna-4.jpg 950w, https:\/\/primiciasclorinda.com\/wp-content\/uploads\/2026\/04\/fotosdelaluna-4-300x189.jpg 300w, https:\/\/primiciasclorinda.com\/wp-content\/uploads\/2026\/04\/fotosdelaluna-4-475x300.jpg 475w, https:\/\/primiciasclorinda.com\/wp-content\/uploads\/2026\/04\/fotosdelaluna-4-768x485.jpg 768w\" sizes=\"auto, (max-width: 950px) 100vw, 950px\" \/><\/figure>","protected":false},"excerpt":{"rendered":"<div class=\"mh-excerpt\"><p>Los cuatro astronautas de la misi\u00f3n Artemis II de la NASA viajan de regreso a casa despu\u00e9s de un dram\u00e1tico sobrevuelo lunar que los llev\u00f3 <a class=\"mh-excerpt-more\" href=\"https:\/\/primiciasclorinda.com\/?p=126285\" title=\"\u00abVimos cosas que ning\u00fan ser humano ha visto jam\u00e1s\u00bb: el asombro de la tripulaci\u00f3n de Artemis II tras el sobrevuelo del lado oculto de la Luna\">[&#8230;]<\/a><\/p>\n<\/div>","protected":false},"author":3,"featured_media":126290,"comment_status":"open","ping_status":"open","sticky":false,"template":"","format":"standard","meta":{"footnotes":""},"categories":[4],"tags":[6932,6944],"class_list":["post-126285","post","type-post","status-publish","format-standard","has-post-thumbnail","hentry","category-informacion-general","tag-artemis-ii","tag-el-lado-oscuro-de-la-luna"],"_links":{"self":[{"href":"https:\/\/primiciasclorinda.com\/index.php?rest_route=\/wp\/v2\/posts\/126285","targetHints":{"allow":["GET"]}}],"collection":[{"href":"https:\/\/primiciasclorinda.com\/index.php?rest_route=\/wp\/v2\/posts"}],"about":[{"href":"https:\/\/primiciasclorinda.com\/index.php?rest_route=\/wp\/v2\/types\/post"}],"author":[{"embeddable":true,"href":"https:\/\/primiciasclorinda.com\/index.php?rest_route=\/wp\/v2\/users\/3"}],"replies":[{"embeddable":true,"href":"https:\/\/primiciasclorinda.com\/index.php?rest_route=%2Fwp%2Fv2%2Fcomments&post=126285"}],"version-history":[{"count":1,"href":"https:\/\/primiciasclorinda.com\/index.php?rest_route=\/wp\/v2\/posts\/126285\/revisions"}],"predecessor-version":[{"id":126294,"href":"https:\/\/primiciasclorinda.com\/index.php?rest_route=\/wp\/v2\/posts\/126285\/revisions\/126294"}],"wp:featuredmedia":[{"embeddable":true,"href":"https:\/\/primiciasclorinda.com\/index.php?rest_route=\/wp\/v2\/media\/126290"}],"wp:attachment":[{"href":"https:\/\/primiciasclorinda.com\/index.php?rest_route=%2Fwp%2Fv2%2Fmedia&parent=126285"}],"wp:term":[{"taxonomy":"category","embeddable":true,"href":"https:\/\/primiciasclorinda.com\/index.php?rest_route=%2Fwp%2Fv2%2Fcategories&post=126285"},{"taxonomy":"post_tag","embeddable":true,"href":"https:\/\/primiciasclorinda.com\/index.php?rest_route=%2Fwp%2Fv2%2Ftags&post=126285"}],"curies":[{"name":"wp","href":"https:\/\/api.w.org\/{rel}","templated":true}]}}