{"id":12610,"date":"2019-01-02T07:41:34","date_gmt":"2019-01-02T10:41:34","guid":{"rendered":"http:\/\/primiciasclorinda.com\/?p=12610"},"modified":"2019-01-02T07:42:12","modified_gmt":"2019-01-02T10:42:12","slug":"en-su-discurso-inaugural-jair-bolsonaro-llamo-a-liberar-a-brasil-de-la-corrupcion-la-criminalidad-y-la-ideologia-de-genero","status":"publish","type":"post","link":"https:\/\/primiciasclorinda.com\/?p=12610","title":{"rendered":"En su discurso inaugural, Jair Bolsonaro llam\u00f3 a liberar a Brasil de \u00abla corrupci\u00f3n, la criminalidad y la ideolog\u00eda de g\u00e9nero\u00bb"},"content":{"rendered":"<p style=\"text-align: justify;\">Minutos despu\u00e9s de jurar como presidente de la mayor potencia sudamericana, el ex capit\u00e1n del Ej\u00e9rcito prometi\u00f3 que su Gobierno pondr\u00e1 fin a las \u00abpr\u00e1cticas nefastas\u00bb que condujeron al pa\u00eds a \u00abla mayor crisis \u00e9tica y moral de su historia\u00bb.<\/p>\n<p style=\"text-align: justify;\">Apenas minutos despu\u00e9s de asumir como el nuevo presidente de Brasil, Jair Bolsonaro pronunci\u00f3 un contundente discurso ante el Parlamento brasile\u00f1o, en el que prometi\u00f3 liberar al pa\u00eds de los males que a sus ojos lo sumieron en \u00abla mayor crisis \u00e9tica y moral de su historia\u00bb.<\/p>\n<p style=\"text-align: justify;\">\u00abConvoco a cada uno de los congresistas a ayudarme en la misi\u00f3n de restaurar y volver a erguir a nuestra patria, liber\u00e1ndola definitivamente del yugo de la corrupci\u00f3n, la criminalidad, la irresponsabilidad econ\u00f3mica y la sumisi\u00f3n ideol\u00f3gica\u00bb, proclam\u00f3 el ex militar, de 63 a\u00f1os, convertido en el 38\u00ba presidente de la mayor potencia latinoamericana.<\/p>\n<p style=\"text-align: justify;\">En otro de los pasajes de su discurso, el presidente expres\u00f3: \u00abVamos a unir al pueblo, a valorar la familia, respetar las religiones y nuestras tradiciones judeo-cristianas, combatir la ideolog\u00eda de g\u00e9nero, conservando nuestros valores\u00bb.<\/p>\n<p style=\"text-align: justify;\">\u00abBrasil volver\u00e1 a ser un pa\u00eds libre de amarras ideol\u00f3gicas\u00bb, a\u00f1adi\u00f3<\/p>\n<p style=\"text-align: justify;\">Estas declaraciones llegan en momentos en el que en todo el mundo las mujeres ganaron un protagonismo in\u00e9dito en la lucha por sus derechos, las denuncias por abusos sexuales y la igualdad salarial y de oportunidades. En Brasil, fueron tambi\u00e9n las mujeres quienes, durante la campa\u00f1a electoral, protagonizaron las mayores manifestaciones contra Bolsonaro bajo el lema #EleNao.<\/p>\n<p style=\"text-align: justify;\">El nuevo mandatario, pol\u00e9mico por sus declaraciones de corte racista, machista y hom\u00f3fobo, dijo tambi\u00e9n que impulsar\u00e1 el desarrollo de \u00abbuenas escuelas\u00bb para preparar a las nuevas generaciones para \u00abel mercado laboral y no para la militancia pol\u00edtica\u00bb.<\/p>\n<p style=\"text-align: justify;\">Igualmente, prometi\u00f3 que durante su mandato atender\u00e1 a los brasile\u00f1os que \u00abdesean conquistar por m\u00e9rito buenos empleos y sustentar sus familias\u00bb y \u00abexigen\u00bb salud, infraestructuras y \u00abrespeto de los derechos fundamentales\u00bb.<\/p>\n<p style=\"text-align: justify;\">\u00abOrden y progreso (\u2026) ninguna sociedad se desarrolla sin respetar esos preceptos\u00bb, expres\u00f3 Bolsonaro, en alusi\u00f3n al lema que reza en la bandera de Brasil.<\/p>\n<p style=\"text-align: justify;\">Tambi\u00e9n afirm\u00f3 que honrar\u00e1n en su Gobierno a \u00abaquellos que sacrifican sus vidas en nombre de la seguridad\u00bb, en referencia a los Cuerpos y Fuerzas de Seguridad del Estado. \u00abEllos se lo merecen y deben ser respetados\u00bb, a\u00f1adi\u00f3.<\/p>\n<p style=\"text-align: justify;\">Por \u00faltimo y antes de dirigirse al Palacio del Planalto, el mandatario cerr\u00f3 con su ya conocida frase: \u00abBrasil encima de todo y Dios encima de todos\u00bb.<\/p>\n<p style=\"text-align: justify;\">A la ceremonia, celebrada en el hemiciclo del Senado, asistieron los presidentes de Bolivia, Evo Morales; Chile, Sebasti\u00e1n Pi\u00f1era; Honduras, Juan Orlando Hern\u00e1ndez; Paraguay, Mario Abdo Ben\u00edtez, y Uruguay, Tabar\u00e9 V\u00e1zquez.<\/p>\n<p style=\"text-align: justify;\">Asimismo, estuvieron presentes los primeros ministros de Israel, Benjam\u00edn Netanyahu; Hungr\u00eda, Viktor Orb\u00e1n; y Marruecos, Saadedine Othmani; as\u00ed como los presidentes de Portugal, Marcelo Rebelo de Souza; y Cabo Verde, Jorge Carlos Fonseca, entre otras autoridades.<\/p>\n","protected":false},"excerpt":{"rendered":"<div class=\"mh-excerpt\"><p>Minutos despu\u00e9s de jurar como presidente de la mayor potencia sudamericana, el ex capit\u00e1n del Ej\u00e9rcito prometi\u00f3 que su Gobierno pondr\u00e1 fin a las \u00abpr\u00e1cticas <a class=\"mh-excerpt-more\" href=\"https:\/\/primiciasclorinda.com\/?p=12610\" title=\"En su discurso inaugural, Jair Bolsonaro llam\u00f3 a liberar a Brasil de \u00abla corrupci\u00f3n, la criminalidad y la ideolog\u00eda de g\u00e9nero\u00bb\">[&#8230;]<\/a><\/p>\n<\/div>","protected":false},"author":3,"featured_media":12611,"comment_status":"open","ping_status":"open","sticky":false,"template":"","format":"standard","meta":{"footnotes":""},"categories":[3],"tags":[468,2120],"class_list":["post-12610","post","type-post","status-publish","format-standard","has-post-thumbnail","hentry","category-politica-economia","tag-brasil","tag-jair-bolsonaro"],"_links":{"self":[{"href":"https:\/\/primiciasclorinda.com\/index.php?rest_route=\/wp\/v2\/posts\/12610","targetHints":{"allow":["GET"]}}],"collection":[{"href":"https:\/\/primiciasclorinda.com\/index.php?rest_route=\/wp\/v2\/posts"}],"about":[{"href":"https:\/\/primiciasclorinda.com\/index.php?rest_route=\/wp\/v2\/types\/post"}],"author":[{"embeddable":true,"href":"https:\/\/primiciasclorinda.com\/index.php?rest_route=\/wp\/v2\/users\/3"}],"replies":[{"embeddable":true,"href":"https:\/\/primiciasclorinda.com\/index.php?rest_route=%2Fwp%2Fv2%2Fcomments&post=12610"}],"version-history":[{"count":2,"href":"https:\/\/primiciasclorinda.com\/index.php?rest_route=\/wp\/v2\/posts\/12610\/revisions"}],"predecessor-version":[{"id":12613,"href":"https:\/\/primiciasclorinda.com\/index.php?rest_route=\/wp\/v2\/posts\/12610\/revisions\/12613"}],"wp:featuredmedia":[{"embeddable":true,"href":"https:\/\/primiciasclorinda.com\/index.php?rest_route=\/wp\/v2\/media\/12611"}],"wp:attachment":[{"href":"https:\/\/primiciasclorinda.com\/index.php?rest_route=%2Fwp%2Fv2%2Fmedia&parent=12610"}],"wp:term":[{"taxonomy":"category","embeddable":true,"href":"https:\/\/primiciasclorinda.com\/index.php?rest_route=%2Fwp%2Fv2%2Fcategories&post=12610"},{"taxonomy":"post_tag","embeddable":true,"href":"https:\/\/primiciasclorinda.com\/index.php?rest_route=%2Fwp%2Fv2%2Ftags&post=12610"}],"curies":[{"name":"wp","href":"https:\/\/api.w.org\/{rel}","templated":true}]}}