{"id":12539,"date":"2018-12-24T10:24:19","date_gmt":"2018-12-24T13:24:19","guid":{"rendered":"http:\/\/primiciasclorinda.com\/?p=12539"},"modified":"2018-12-24T10:24:53","modified_gmt":"2018-12-24T13:24:53","slug":"manana-25-no-habra-recoleccion-de-residuos-se-recomienda-no-sacar-la-basura-ese-dia","status":"publish","type":"post","link":"https:\/\/primiciasclorinda.com\/?p=12539","title":{"rendered":"Ma\u00f1ana 25 no habr\u00e1 recolecci\u00f3n de residuos, se recomienda no sacar la basura hasta el mi\u00e9rcoles"},"content":{"rendered":"<p style=\"text-align: justify;\">En dialogo con <em><strong>Primicias Clorinda<\/strong><\/em>, Orlando Bobadilla, de Higiene y Mantenimiento Municipal, inform\u00f3 que este lunes 24 se trabajar\u00e1 hasta el mediod\u00eda, \u00abes una forma de decir seguramente vamos a trabajar m\u00e1s all\u00e1 del mediod\u00eda, la idea es terminar la recolecci\u00f3n en todos los barrios\u00bb.\u00a0 En tanto inform\u00f3 que por motivos obvios el 25 de diciembre no habr\u00e1 recolecci\u00f3n, restableci\u00e9ndose el servicio el d\u00eda mi\u00e9rcoles. La recomendaci\u00f3n es no sacar la basura este 25 y aguardar el d\u00eda h\u00e1bil para hacerlo.<\/p>\n<p>Desde el Municipio aseguraron que durante todo el fin de semana se realiz\u00f3 el servicio tanto s\u00e1bado como domingo, este \u00faltimo contenedores verdes y met\u00e1licos, y hoy 24 el trabajo se extender\u00eda si no se termina para el mediod\u00eda.<\/p>\n<p style=\"text-align: justify;\">A su vez Orlando Bobadilla pidi\u00f3 a la comunidad de ser posible no sacar la basura el 25 a la ma\u00f1ana fuera de la casa o si el contenedor est\u00e1 repleto no tirar all\u00ed porque ese d\u00eda no habr\u00e1 recolecci\u00f3n. \u00abEl mi\u00e9rcoles 26 se reanudar\u00e1 el servicio de recolecci\u00f3n de residuos en toda la ciudad\u00bb, aseguro el funcionario municipal.<\/p>\n<p style=\"text-align: justify;\">\n","protected":false},"excerpt":{"rendered":"<div class=\"mh-excerpt\"><p>En dialogo con Primicias Clorinda, Orlando Bobadilla, de Higiene y Mantenimiento Municipal, inform\u00f3 que este lunes 24 se trabajar\u00e1 hasta el mediod\u00eda, \u00abes una forma <a class=\"mh-excerpt-more\" href=\"https:\/\/primiciasclorinda.com\/?p=12539\" title=\"Ma\u00f1ana 25 no habr\u00e1 recolecci\u00f3n de residuos, se recomienda no sacar la basura hasta el mi\u00e9rcoles\">[&#8230;]<\/a><\/p>\n<\/div>","protected":false},"author":3,"featured_media":12540,"comment_status":"open","ping_status":"open","sticky":false,"template":"","format":"standard","meta":{"footnotes":""},"categories":[4],"tags":[26,88,546],"class_list":["post-12539","post","type-post","status-publish","format-standard","has-post-thumbnail","hentry","category-informacion-general","tag-clorinda","tag-municipalidad-de-clorinda","tag-recoleccion-de-residuos"],"_links":{"self":[{"href":"https:\/\/primiciasclorinda.com\/index.php?rest_route=\/wp\/v2\/posts\/12539","targetHints":{"allow":["GET"]}}],"collection":[{"href":"https:\/\/primiciasclorinda.com\/index.php?rest_route=\/wp\/v2\/posts"}],"about":[{"href":"https:\/\/primiciasclorinda.com\/index.php?rest_route=\/wp\/v2\/types\/post"}],"author":[{"embeddable":true,"href":"https:\/\/primiciasclorinda.com\/index.php?rest_route=\/wp\/v2\/users\/3"}],"replies":[{"embeddable":true,"href":"https:\/\/primiciasclorinda.com\/index.php?rest_route=%2Fwp%2Fv2%2Fcomments&post=12539"}],"version-history":[{"count":3,"href":"https:\/\/primiciasclorinda.com\/index.php?rest_route=\/wp\/v2\/posts\/12539\/revisions"}],"predecessor-version":[{"id":12543,"href":"https:\/\/primiciasclorinda.com\/index.php?rest_route=\/wp\/v2\/posts\/12539\/revisions\/12543"}],"wp:featuredmedia":[{"embeddable":true,"href":"https:\/\/primiciasclorinda.com\/index.php?rest_route=\/wp\/v2\/media\/12540"}],"wp:attachment":[{"href":"https:\/\/primiciasclorinda.com\/index.php?rest_route=%2Fwp%2Fv2%2Fmedia&parent=12539"}],"wp:term":[{"taxonomy":"category","embeddable":true,"href":"https:\/\/primiciasclorinda.com\/index.php?rest_route=%2Fwp%2Fv2%2Fcategories&post=12539"},{"taxonomy":"post_tag","embeddable":true,"href":"https:\/\/primiciasclorinda.com\/index.php?rest_route=%2Fwp%2Fv2%2Ftags&post=12539"}],"curies":[{"name":"wp","href":"https:\/\/api.w.org\/{rel}","templated":true}]}}