{"id":12497,"date":"2018-12-23T10:50:36","date_gmt":"2018-12-23T13:50:36","guid":{"rendered":"http:\/\/primiciasclorinda.com\/?p=12497"},"modified":"2018-12-23T10:50:36","modified_gmt":"2018-12-23T13:50:36","slug":"mayans-pidio-unidad-en-la-oposicion-para-poder-enfrentar-a-macri","status":"publish","type":"post","link":"https:\/\/primiciasclorinda.com\/?p=12497","title":{"rendered":"Mayans pidi\u00f3 unidad en la oposici\u00f3n para poder enfrentar a Macri"},"content":{"rendered":"<p style=\"text-align: justify;\">Un marco populoso de dirigentes y militantes del peronismo clorindense tuvo el cierre de a\u00f1o que llev\u00f3 a cabo en su ciudad el senador peronista Jos\u00e9 Miguel Angel Mayans. Fue una reuni\u00f3n informativa y balance del Frente para la Victoria en las oficinas del parlamentario, quien en su alocuci\u00f3n analiz\u00f3 el \u201cfracas\u00f3 del gobierno de Cambiemos\u201d.<\/p>\n<p style=\"text-align: justify;\">Sostuvo que \u201ceste programa econ\u00f3mico ha fracasado; menor empleo, el poder adquisitivo no alcanza, las PyMES cierran y esto no da para m\u00e1s. Ac\u00e1 tenemos que unirnos todos, convocar e ir a octubre de 2019, ganar las elecciones y dar vuelta esta situaci\u00f3n. Macri deja un pa\u00eds devastado\u201d, sentenci\u00f3 el legislador nacional clorindense.<\/p>\n<p style=\"text-align: justify;\">Mayans remarc\u00f3 tambi\u00e9n que \u201ces cada vez m\u00e1s acentuada la incapacidad del Gobierno nacional en resolver los problemas en lo econ\u00f3mico, pol\u00edtico y social del pa\u00eds, agravando mucho m\u00e1s la situaci\u00f3n de la poblaci\u00f3n cada vez m\u00e1s pobre\u201d.<\/p>\n<p style=\"text-align: justify;\">Plante\u00f3 a los formose\u00f1os: \u201cNo debemos olvidar que los legisladores formose\u00f1os de Cambiemos han defendido al Presupuesto 2019\u201d al que resumi\u00f3 como \u201cde un endeudamiento brutal, de un ajuste tremendo que cae sobre los que menos tienen. Pido que tengan memoria, porque esos mismos personajes, que ahora vaticinan mejoras para los pr\u00f3ximos meses, son los mismos que han venido mintiendo en estos \u00faltimos tres a\u00f1os y los visitar\u00e1n para que lo acompa\u00f1en en las elecciones\u201d.<\/p>\n","protected":false},"excerpt":{"rendered":"<div class=\"mh-excerpt\"><p>Un marco populoso de dirigentes y militantes del peronismo clorindense tuvo el cierre de a\u00f1o que llev\u00f3 a cabo en su ciudad el senador peronista <a class=\"mh-excerpt-more\" href=\"https:\/\/primiciasclorinda.com\/?p=12497\" title=\"Mayans pidi\u00f3 unidad en la oposici\u00f3n para poder enfrentar a Macri\">[&#8230;]<\/a><\/p>\n<\/div>","protected":false},"author":3,"featured_media":12498,"comment_status":"open","ping_status":"open","sticky":false,"template":"","format":"standard","meta":{"footnotes":""},"categories":[3],"tags":[26,23,434,1585,298],"class_list":["post-12497","post","type-post","status-publish","format-standard","has-post-thumbnail","hentry","category-politica-economia","tag-clorinda","tag-formosa","tag-jose-mayans","tag-macri","tag-pj"],"_links":{"self":[{"href":"https:\/\/primiciasclorinda.com\/index.php?rest_route=\/wp\/v2\/posts\/12497","targetHints":{"allow":["GET"]}}],"collection":[{"href":"https:\/\/primiciasclorinda.com\/index.php?rest_route=\/wp\/v2\/posts"}],"about":[{"href":"https:\/\/primiciasclorinda.com\/index.php?rest_route=\/wp\/v2\/types\/post"}],"author":[{"embeddable":true,"href":"https:\/\/primiciasclorinda.com\/index.php?rest_route=\/wp\/v2\/users\/3"}],"replies":[{"embeddable":true,"href":"https:\/\/primiciasclorinda.com\/index.php?rest_route=%2Fwp%2Fv2%2Fcomments&post=12497"}],"version-history":[{"count":1,"href":"https:\/\/primiciasclorinda.com\/index.php?rest_route=\/wp\/v2\/posts\/12497\/revisions"}],"predecessor-version":[{"id":12499,"href":"https:\/\/primiciasclorinda.com\/index.php?rest_route=\/wp\/v2\/posts\/12497\/revisions\/12499"}],"wp:featuredmedia":[{"embeddable":true,"href":"https:\/\/primiciasclorinda.com\/index.php?rest_route=\/wp\/v2\/media\/12498"}],"wp:attachment":[{"href":"https:\/\/primiciasclorinda.com\/index.php?rest_route=%2Fwp%2Fv2%2Fmedia&parent=12497"}],"wp:term":[{"taxonomy":"category","embeddable":true,"href":"https:\/\/primiciasclorinda.com\/index.php?rest_route=%2Fwp%2Fv2%2Fcategories&post=12497"},{"taxonomy":"post_tag","embeddable":true,"href":"https:\/\/primiciasclorinda.com\/index.php?rest_route=%2Fwp%2Fv2%2Ftags&post=12497"}],"curies":[{"name":"wp","href":"https:\/\/api.w.org\/{rel}","templated":true}]}}