{"id":12487,"date":"2018-12-20T07:36:14","date_gmt":"2018-12-20T10:36:14","guid":{"rendered":"http:\/\/primiciasclorinda.com\/?p=12487"},"modified":"2018-12-20T07:36:14","modified_gmt":"2018-12-20T10:36:14","slug":"basavilbaso-vamos-a-pagar-lo-que-corresponde","status":"publish","type":"post","link":"https:\/\/primiciasclorinda.com\/?p=12487","title":{"rendered":"Basavilbaso: \u00abVamos a pagar lo que corresponde\u00bb"},"content":{"rendered":"<p style=\"text-align: justify;\">El titular de la ANSES aclar\u00f3 que la resoluci\u00f3n del M\u00e1ximo Tribunal es por juicios del per\u00edodo 2002-2009 y que la decisi\u00f3n no afecta la Reparaci\u00f3n Hist\u00f3rica. \u00abNadie se va interponer en el cuidado que venimos haciendo nosotros de los jubilados\u00bb, enfatiz\u00f3.<\/p>\n<p style=\"text-align: justify;\">Luego del fallo de la Corte Suprema de Justicia, que este martes declar\u00f3 inconstitucional el \u00edndice de ANSES para calcular jubilaciones, el Gobierno sali\u00f3 a ponerle pa\u00f1os fr\u00edos a la decisi\u00f3n al asegurar que el costo fiscal podr\u00eda ascender a unos \u00ab$700 millones, manejables\u00bb para el presupuesto.<\/p>\n<p style=\"text-align: justify;\">El titular de la ANSES, Emilio Basavilbaso, asegur\u00f3 este mi\u00e9rcoles que \u00abni el fallo ni nadie se va interponer en el cuidado que venimos haciendo nosotros de los jubilados y vamos a pagar lo que corresponde y vamos a seguir solucionando estos juicios\u00bb.<\/p>\n<p style=\"text-align: justify;\">En declaraciones a Radio Mitre, el funcionario aclar\u00f3 que lo que el M\u00e1ximo Tribunal \u00abest\u00e1 fallando es sobre el per\u00edodo del 2002 y el 2009, es decir, son juicios heredados de la gesti\u00f3n anterior de Gobierno\u00bb.<\/p>\n<p style=\"text-align: justify;\">\u00abEl Gobierno anterior apelaba, los juicios se acumulaban y nosotros lo empezamos a solucionar con la Reparaci\u00f3n Hist\u00f3rica\u00bb, enfatiz\u00f3 Basavilbaso y afirm\u00f3 que el fallo de la Corte no afecta ese beneficio.<\/p>\n<p style=\"text-align: justify;\">\u00abNos cansamos de escuchar que la caja de la ANSES se usa para cualquier cosa menos para los jubilados y eso ya no se escucha m\u00e1s. Queremos hacer un sistema m\u00e1s justo\u00bb, a\u00f1adi\u00f3 el titular del organismo.<\/p>\n<p style=\"text-align: justify;\">Ayer, luego de conocerse la noticia, el ministro de Hacienda, Nicol\u00e1s Dujovne, estim\u00f3 que el costo fiscal anual rondar\u00eda los $700 millones. Basavilbaso fue m\u00e1s cauto y evit\u00f3 dar un n\u00famero. \u00abTodo va a depender de m\u00faltiples factores. Hay unos 10 mil juicios en la corte. Hay que esperar, hay que ver c\u00f3mo va a ser el impacto. Todo va a depender de cu\u00e1ntos expedientes nos env\u00ede la Justicia\u00bb, explic\u00f3.<\/p>\n<p style=\"text-align: justify;\">Finalmente, el funcionario descart\u00f3 que esa deuda se pague con bonos. \u00abTenemos que terminar de evaluar los impacto. Queremos resolver el problema de los juicios a los jubilados y vamos a pagar lo que corresponde\u00bb.<\/p>\n<p style=\"text-align: justify;\">\u00abHoy en d\u00eda nadie discute que la plata de la ANSES es para los jubilados. Cuando necesitemos la plata recurriremos a las ganancias que produce el Fondo (de Garant\u00edas de Sustantividad) para pagar estas mayores jubilaciones que estaban pendiente de muchos a\u00f1os\u00bb, concluy\u00f3.<\/p>\n","protected":false},"excerpt":{"rendered":"<div class=\"mh-excerpt\"><p>El titular de la ANSES aclar\u00f3 que la resoluci\u00f3n del M\u00e1ximo Tribunal es por juicios del per\u00edodo 2002-2009 y que la decisi\u00f3n no afecta la <a class=\"mh-excerpt-more\" href=\"https:\/\/primiciasclorinda.com\/?p=12487\" title=\"Basavilbaso: \u00abVamos a pagar lo que corresponde\u00bb\">[&#8230;]<\/a><\/p>\n<\/div>","protected":false},"author":3,"featured_media":12488,"comment_status":"open","ping_status":"open","sticky":false,"template":"","format":"standard","meta":{"footnotes":""},"categories":[3],"tags":[216,498],"class_list":["post-12487","post","type-post","status-publish","format-standard","has-post-thumbnail","hentry","category-politica-economia","tag-anses","tag-jubilados"],"_links":{"self":[{"href":"https:\/\/primiciasclorinda.com\/index.php?rest_route=\/wp\/v2\/posts\/12487","targetHints":{"allow":["GET"]}}],"collection":[{"href":"https:\/\/primiciasclorinda.com\/index.php?rest_route=\/wp\/v2\/posts"}],"about":[{"href":"https:\/\/primiciasclorinda.com\/index.php?rest_route=\/wp\/v2\/types\/post"}],"author":[{"embeddable":true,"href":"https:\/\/primiciasclorinda.com\/index.php?rest_route=\/wp\/v2\/users\/3"}],"replies":[{"embeddable":true,"href":"https:\/\/primiciasclorinda.com\/index.php?rest_route=%2Fwp%2Fv2%2Fcomments&post=12487"}],"version-history":[{"count":1,"href":"https:\/\/primiciasclorinda.com\/index.php?rest_route=\/wp\/v2\/posts\/12487\/revisions"}],"predecessor-version":[{"id":12489,"href":"https:\/\/primiciasclorinda.com\/index.php?rest_route=\/wp\/v2\/posts\/12487\/revisions\/12489"}],"wp:featuredmedia":[{"embeddable":true,"href":"https:\/\/primiciasclorinda.com\/index.php?rest_route=\/wp\/v2\/media\/12488"}],"wp:attachment":[{"href":"https:\/\/primiciasclorinda.com\/index.php?rest_route=%2Fwp%2Fv2%2Fmedia&parent=12487"}],"wp:term":[{"taxonomy":"category","embeddable":true,"href":"https:\/\/primiciasclorinda.com\/index.php?rest_route=%2Fwp%2Fv2%2Fcategories&post=12487"},{"taxonomy":"post_tag","embeddable":true,"href":"https:\/\/primiciasclorinda.com\/index.php?rest_route=%2Fwp%2Fv2%2Ftags&post=12487"}],"curies":[{"name":"wp","href":"https:\/\/api.w.org\/{rel}","templated":true}]}}