{"id":123411,"date":"2026-04-03T08:43:29","date_gmt":"2026-04-03T11:43:29","guid":{"rendered":"https:\/\/primiciasclorinda.com\/?p=123411"},"modified":"2026-04-03T08:43:29","modified_gmt":"2026-04-03T11:43:29","slug":"milei-expulsa-diplomatico-irani-y-coloca-a-la-argentina-al-borde-de-la-ruptura-diplomatica-con-iran","status":"publish","type":"post","link":"https:\/\/primiciasclorinda.com\/?p=123411","title":{"rendered":"Milei expulsa diplom\u00e1tico iran\u00ed y coloca a la Argentina al borde de la ruptura diplom\u00e1tica con Ir\u00e1n"},"content":{"rendered":"\n<p><strong>Alineado con EE.UU. e Israel, el Gobierno emplaz\u00f3 a Mohsen Soltani Tehrani a que salga del pa\u00eds en 48 horas. Se prev\u00e9 que Teher\u00e1n tome una decisi\u00f3n similar con el encargado de negocios argentino.<\/strong><\/p>\n\n\n\n<p><strong>El\u00a0gobierno argentino decidi\u00f3 declarar como persona no grata al encargado de Negocios de Ir\u00e1n en Buenos Aires, virtual embajador, Mohsen Soltani Tehrani. Es una escalada que se inici\u00f3 cuando la Casa Rosada, en un gesto \u00fanicamente de alineamiento con Estados Unidos e Israel, declar\u00f3 a la Guardia Revolucionaria de Ir\u00e1n como organizaci\u00f3n terrorista. La respuesta de Teher\u00e1n fue un furibundo comunicado en el que Ir\u00e1n acus\u00f3 a Javier Milei de seguir los dictados \u201cdel r\u00e9gimen sionista ocupante y de Estados Unidos\u201d. <\/strong><\/p>\n\n\n\n<figure class=\"wp-block-image size-large is-resized\"><img loading=\"lazy\" decoding=\"async\" width=\"600\" height=\"126\" src=\"http:\/\/primiciasclorinda.com\/wp-content\/uploads\/2026\/03\/hipergasdeconfianza-5-1-600x126.jpg\" alt=\"\" class=\"wp-image-121278\" style=\"width:840px;height:auto\" srcset=\"https:\/\/primiciasclorinda.com\/wp-content\/uploads\/2026\/03\/hipergasdeconfianza-5-1-600x126.jpg 600w, https:\/\/primiciasclorinda.com\/wp-content\/uploads\/2026\/03\/hipergasdeconfianza-5-1-300x63.jpg 300w, https:\/\/primiciasclorinda.com\/wp-content\/uploads\/2026\/03\/hipergasdeconfianza-5-1-768x162.jpg 768w, https:\/\/primiciasclorinda.com\/wp-content\/uploads\/2026\/03\/hipergasdeconfianza-5-1.jpg 950w\" sizes=\"auto, (max-width: 600px) 100vw, 600px\" \/><\/figure>\n\n\n\n<p><strong>El texto fue difundido desde la embajada de Ir\u00e1n en Montevideo. La Casa Rosada consider\u00f3 ese comunicado como \u201cuna inaceptable injerencia en los asuntos internos del pa\u00eds y una tergiversaci\u00f3n deliberada de decisiones adoptadas conforme al derecho internacional\u201d. Por lo tanto,\u00a0<a href=\"https:\/\/www.pagina12.com.ar\/2026\/04\/02\/el-gobierno-expulsa-al-encargado-de-negocios-de-iran\/\">Tehrani tiene 48 horas para abandonar la Argentina<\/a>\u00a0y est\u00e1 cantado que Ir\u00e1n adoptar\u00e1 una decisi\u00f3n en espejo: la expulsi\u00f3n del encargado de Negocios argentino en Teher\u00e1n, Marcelo Jord\u00e1n, aunque esa decisi\u00f3n no tendr\u00e1 efecto concreto: Jord\u00e1n abandon\u00f3 territorio iran\u00ed cuando empezaron los ataques con misiles de Israel en 2025. La ruptura de relaciones diplom\u00e1ticas est\u00e1 a la vuelta de la esquina.<\/strong><\/p>\n\n\n\n<p><strong>Toda la secuencia es una especie de&nbsp;sobreactuaci\u00f3n&nbsp;para reiterar, como si hiciera falta, que el&nbsp;gobierno argentino est\u00e1 del lado de Estados Unidos e Israel en la guerra contra Ir\u00e1n. Es evidente que declarar a la Guardia Revolucionaria -un poderoso ej\u00e9rcito paralelo de militantes isl\u00e1micos- como organizaci\u00f3n terrorista no quita ni agrega nada a la situaci\u00f3n b\u00e9lica que ya existe. Se trat\u00f3 s\u00f3lo de un gesto simb\u00f3lico que, casi de inmediato, fue agradecido por el canciller de Israel, Gideon Sa\u2019ar, en la red X.<\/strong><\/p>\n\n\n\n<p><strong>La&nbsp;Casa Rosada podr\u00eda haber argumentado que la Guardia es clave en el aparato represivo del r\u00e9gimen contra las protestas de los ciudadanos y tuvo gran responsabilidad en la matanza que sigui\u00f3 a esas protestas durante 2025. Tambi\u00e9n se podr\u00eda haber sostenido que la Guardia es una maquinaria de imposici\u00f3n de siniestras condiciones de vida para las mujeres iran\u00edes. Pero ya se sabe que el gobierno de Milei no sintoniza ni con las rebeliones democr\u00e1ticas ni mucho menos con las luchas de las mujeres. De manera que s\u00f3lo se centr\u00f3 en afirmar que respalda \u201clos valores de Occidente\u201d.<\/strong><\/p>\n\n\n\n<p><strong>Como es obvio,&nbsp;las relaciones con el r\u00e9gimen de los ayatolas est\u00e1n rotas desde los atentados en Buenos Aires, contra la Embajada de Israel y la AMIA, en 1992 y 1994. En aquel momento se retiraron los embajadores y el v\u00ednculo qued\u00f3 al nivel de encargados de Negocios. A ra\u00edz de los ataques, durante el gobierno de Carlos Menem, se pusieron en marcha causas judiciales que sumaron m\u00e1s informes de inteligencia que pruebas pero que derivaron en una acusaci\u00f3n contra Hezbollah, la organizaci\u00f3n libanesa pro-iran\u00ed, que supuestamente habr\u00eda operado el ataque. Seg\u00fan la justicia, la orden de poner los coches-bomba en Buenos Aires se tom\u00f3 en una reuni\u00f3n de las m\u00e1ximas autoridades iran\u00edes en la ciudad iran\u00ed de Mahshad, en noviembre de 1993. Sobre esa cumbre \u00fanicamente testificaron opositores al r\u00e9gimen teocr\u00e1tico de Teher\u00e1n que, adem\u00e1s, fueron cambiando las versiones de acuerdo a lo que necesitaba la acusaci\u00f3n.<\/strong><\/p>\n\n\n\n<p><strong>El Congreso Nacional aprob\u00f3 la ley de juicio en ausencia y todo indica que se juzgar\u00e1 a dirigentes iran\u00edes por ambos atentados, en alg\u00fan momento de 2027. El titular de la fiscal\u00eda AMIA, Sebasti\u00e1n Basso, formul\u00f3 la imputaci\u00f3n y todo camina hacia el juicio, pese a que la mayor\u00eda de las organizaciones de familiares de las v\u00edctimas de los atentados creen que se trata de una jugada para cerrar la causa en forma definitiva.&nbsp;Ir\u00e1n, por su parte, sostiene desde siempre que no tuvo ninguna relaci\u00f3n con los ataques, los conden\u00f3, y viene insistiendo en que se trata de un armado de las derechas de Estados Unidos e Israel.<\/strong><\/p>\n\n\n\n<p><strong>Cuando Cristina Fern\u00e1ndez de Kirchner y H\u00e9ctor Timerman buscaron un camino para que los imputados iran\u00edes declaren ante un juez argentino -en Teher\u00e1n- el aparato judicial de Comodoro Py no s\u00f3lo declar\u00f3 inconstitucional el Memor\u00e1ndum, sino que lo considera un delito, pese a que nunca entr\u00f3 en vigencia. De hecho, Ir\u00e1n termin\u00f3 no aprob\u00e1ndolo.<\/strong><\/p>\n\n\n\n<p><strong>De todas maneras,&nbsp;la escalada actual&nbsp;no tiene base en la investigaci\u00f3n o la causa judicial de los atentados:&nbsp;est\u00e1 centrada en la cuesti\u00f3n geopol\u00edtica y en la voluntad del gobierno de Milei de hacer todos los gestos que sean posibles para demostrar su fidelidad a Washington y Jerusal\u00e9n.<\/strong><\/p>\n\n\n\n<p><strong>El Presidente ya hab\u00eda calificado a Ir\u00e1n de \u201cenemigo\u201d y agreg\u00f3 que \u201cvamos a ganar la guerra\u201d, situ\u00e1ndose n\u00edtidamente en el bando de Estados Unidos e Israel. Lo que sigui\u00f3 no fue otra cosa que parte de esa ret\u00f3rica explosiva que no us\u00f3 ning\u00fan otro pa\u00eds y desemboc\u00f3 ahora en la expulsi\u00f3n del representante de Ir\u00e1n en Buenos Aires. La ruptura de relaciones diplom\u00e1ticas es casi un hecho: es muy probable que ocurra en los pr\u00f3ximos d\u00edas.<\/strong><\/p>\n\n\n<figure class=\"wp-block-post-featured-image\"><img loading=\"lazy\" decoding=\"async\" width=\"950\" height=\"600\" src=\"https:\/\/primiciasclorinda.com\/wp-content\/uploads\/2026\/04\/alineadolejos-5.jpg\" class=\"attachment-post-thumbnail size-post-thumbnail wp-post-image\" alt=\"\" style=\"object-fit:cover;\" srcset=\"https:\/\/primiciasclorinda.com\/wp-content\/uploads\/2026\/04\/alineadolejos-5.jpg 950w, https:\/\/primiciasclorinda.com\/wp-content\/uploads\/2026\/04\/alineadolejos-5-300x189.jpg 300w, https:\/\/primiciasclorinda.com\/wp-content\/uploads\/2026\/04\/alineadolejos-5-475x300.jpg 475w, https:\/\/primiciasclorinda.com\/wp-content\/uploads\/2026\/04\/alineadolejos-5-768x485.jpg 768w\" sizes=\"auto, (max-width: 950px) 100vw, 950px\" \/><\/figure>","protected":false},"excerpt":{"rendered":"<div class=\"mh-excerpt\"><p>Alineado con EE.UU. e Israel, el Gobierno emplaz\u00f3 a Mohsen Soltani Tehrani a que salga del pa\u00eds en 48 horas. Se prev\u00e9 que Teher\u00e1n tome <a class=\"mh-excerpt-more\" href=\"https:\/\/primiciasclorinda.com\/?p=123411\" title=\"Milei expulsa diplom\u00e1tico iran\u00ed y coloca a la Argentina al borde de la ruptura diplom\u00e1tica con Ir\u00e1n\">[&#8230;]<\/a><\/p>\n<\/div>","protected":false},"author":3,"featured_media":123404,"comment_status":"open","ping_status":"open","sticky":false,"template":"","format":"standard","meta":{"footnotes":""},"categories":[3],"tags":[6902,5053,6903],"class_list":["post-123411","post","type-post","status-publish","format-standard","has-post-thumbnail","hentry","category-politica-economia","tag-expulsa-diplomatico","tag-gobierno-milei","tag-ruptura-iran"],"_links":{"self":[{"href":"https:\/\/primiciasclorinda.com\/index.php?rest_route=\/wp\/v2\/posts\/123411","targetHints":{"allow":["GET"]}}],"collection":[{"href":"https:\/\/primiciasclorinda.com\/index.php?rest_route=\/wp\/v2\/posts"}],"about":[{"href":"https:\/\/primiciasclorinda.com\/index.php?rest_route=\/wp\/v2\/types\/post"}],"author":[{"embeddable":true,"href":"https:\/\/primiciasclorinda.com\/index.php?rest_route=\/wp\/v2\/users\/3"}],"replies":[{"embeddable":true,"href":"https:\/\/primiciasclorinda.com\/index.php?rest_route=%2Fwp%2Fv2%2Fcomments&post=123411"}],"version-history":[{"count":1,"href":"https:\/\/primiciasclorinda.com\/index.php?rest_route=\/wp\/v2\/posts\/123411\/revisions"}],"predecessor-version":[{"id":123412,"href":"https:\/\/primiciasclorinda.com\/index.php?rest_route=\/wp\/v2\/posts\/123411\/revisions\/123412"}],"wp:featuredmedia":[{"embeddable":true,"href":"https:\/\/primiciasclorinda.com\/index.php?rest_route=\/wp\/v2\/media\/123404"}],"wp:attachment":[{"href":"https:\/\/primiciasclorinda.com\/index.php?rest_route=%2Fwp%2Fv2%2Fmedia&parent=123411"}],"wp:term":[{"taxonomy":"category","embeddable":true,"href":"https:\/\/primiciasclorinda.com\/index.php?rest_route=%2Fwp%2Fv2%2Fcategories&post=123411"},{"taxonomy":"post_tag","embeddable":true,"href":"https:\/\/primiciasclorinda.com\/index.php?rest_route=%2Fwp%2Fv2%2Ftags&post=123411"}],"curies":[{"name":"wp","href":"https:\/\/api.w.org\/{rel}","templated":true}]}}