{"id":12335,"date":"2018-12-10T18:27:07","date_gmt":"2018-12-10T21:27:07","guid":{"rendered":"http:\/\/primiciasclorinda.com\/?p=12335"},"modified":"2018-12-10T18:27:07","modified_gmt":"2018-12-10T21:27:07","slug":"35-anos-del-regreso-de-la-democracia-asi-recordaba-raul-alfonsin-el-10-de-diciembre-de-1983","status":"publish","type":"post","link":"https:\/\/primiciasclorinda.com\/?p=12335","title":{"rendered":"35 a\u00f1os del regreso de la Democracia: as\u00ed recordaba Ra\u00fal Alfons\u00edn el 10 de diciembre de 1983"},"content":{"rendered":"<p style=\"text-align: justify;\">En el a\u00f1o 2005, para la edici\u00f3n que celebraba los 40 a\u00f1os de la revista GENTE, el ex presidente cont\u00f3 c\u00f3mo vivi\u00f3 la jornada del retorno definitivo de la Democracia. En la nota -que aqu\u00ed se reproduce\u2013 el periodista que lo entrevist\u00f3 le cont\u00f3, y escribi\u00f3, cu\u00e1l hab\u00eda sido su propia experiencia de la vigilia nocturna en Plaza de Mayo junto a miles de j\u00f3venes que festejaban y esperaban la palabra del l\u00edder radical.<\/p>\n<p>\u00abFue muy lindo aquel d\u00eda, s\u00ed\u2026 Se reinstaur\u00f3 la Democracia\u00bb\u2013 dice con su sonrisa de abuelo Ra\u00fal Alfons\u00edn, mientras sus manos aprietan fuerte un ejemplar de la Constituci\u00f3n. En esas p\u00e1ginas est\u00e1 el credo laico del pre\u00e1mbulo que recit\u00f3 en cada acto cuando el Ahora, Alfons\u00edn de los afiches se hizo banda, bast\u00f3n y juramento. \u00abNo hubo reuniones ni publicistas para incluir el pre\u00e1mbulo en los discursos. Simplemente se me ocurri\u00f3\u2026\u00bb, revela con pocas palabras.<\/p>\n<p style=\"text-align: justify;\">Afuera, el sol cae t\u00edmido sobre el balc\u00f3n de la avenida Santa Fe al 1600, casa y la oficina de Ra\u00fal Alfons\u00edn. Tambi\u00e9n lo era el 31 de octubre de 1983, cuando gan\u00f3 la elecci\u00f3n con 7.659.530 votos, el 52 por ciento.<\/p>\n<p style=\"text-align: justify;\">\u00abEl 9 de diciembre de 1983 ten\u00eda 19 a\u00f1os. A las doce menos cuarto de la noche, en el and\u00e9n 4 de la estaci\u00f3n de Lomas de Zamora, aguard\u00e1bamos junto a un amigo un tren que jam\u00e1s llegar\u00eda. Lo que arrib\u00f3 no fue una formaci\u00f3n del Roca, sino un \u00f3mnibus naranja, un micro escolar destartalado, que por fortuna se detuvo unos segundos a un costado de la boleter\u00eda. \u00ab\u00a1Vamos! \u00a1Vamos a la plaza!\u00bb, llamaron desde adentro.<\/p>\n<p style=\"text-align: justify;\">Con dos o tres que tambi\u00e9n esperaban, trepamos de un salto. En la oscuridad de los asientos, seis o siete chicos y chicas con aspecto de estudiantes de abogac\u00eda de Adrogu\u00e9. El resto, unos diez, en cueros, con rotunda pinta de barrabravas de un club del ascenso de Burzaco. Me sent\u00e9 en el fondo. El viaje, normalmente de media hora, se extendi\u00f3 a dos. Casi al dejar Lan\u00fas, en un restaurante, un grupito se baj\u00f3 y regres\u00f3 con un caj\u00f3n de sidra, que desapareci\u00f3 en minutos.<\/p>\n<p style=\"text-align: justify;\">En Gerli, el chofer se desvi\u00f3 hacia las zonas m\u00e1s sombr\u00edas de Avellaneda y Dock Sud. En la Isla Maciel hasta se sumaron al pasaje un par de prostitutas. \u00c9ramos, a bordo, una suerte de peque\u00f1a Argentina con motor gasolero. Y as\u00ed, por la Boca y luego por Paseo Col\u00f3n, cantando y golpeando la carrocer\u00eda, llegamos, junto a unos ya treinta desconocidos, a Plaza de Mayo.<\/p>\n<p style=\"text-align: justify;\">El saludo de Ra\u00fal Alfons\u00edn desde el Cabildo. El 10 de diciembre de 1983, el l\u00edder radical dio vuelta la Plaza de Mayo.<br \/>\nEl saludo de Ra\u00fal Alfons\u00edn desde el Cabildo. El 10 de diciembre de 1983, el l\u00edder radical dio vuelta la Plaza de Mayo.<br \/>\nHab\u00eda, a las dos de la madrugada, miles que se desparramaban entre los canteros. La mayor parte, recuerdo, de mi edad o poco m\u00e1s. Ten\u00edamos ilusi\u00f3n. La inocencia, en cambio, la hab\u00edamos perdido un a\u00f1o y medio atr\u00e1s, cuando termin\u00f3 la guerra. Muchos, como yo, a\u00fan sin sentir ni siquiera el fr\u00edo patag\u00f3nico, hab\u00edamos pasado el conflicto bajo bandera, cumpliendo el servicio militar. Ah\u00ed, esa noche de fiesta, estaba la generaci\u00f3n de Malvinas. Los que hab\u00edamos llegado a la mayor\u00eda de edad justo para votar. Los que hoy andamos por las cuatro d\u00e9cadas, igual que GENTE, f\u00edjese qu\u00e9 coincidencia (Nota: la entrevista fue hecha en el a\u00f1o 2005).<\/p>\n<p style=\"text-align: justify;\">Despu\u00e9s, al despuntar el sol, llegaron otros, m\u00e1s grandes, seguramente dispuestos a cerrar otras heridas que tra\u00edan a cuestas. Todos, con la esperanza puesta en un sistema. Y en un hombre. En usted, doctor. No se haga el modesto: lo sabe. Cuando el sol comenz\u00f3 a dar de lleno y el calor a sofocar, la plaza estallaba de gente. Hab\u00eda boinas blancas (\u00bfse acuerda de las boinas blancas?), banderas rojas y blancas, banderas argentinas. Coreaban su apellido como un estribillo con acento agudo: \u00ab\u00a1Al-fon-s\u00edn! \u00a1Al-fon-s\u00edn!\u00bb.<\/p>\n<p style=\"text-align: justify;\">Me ubiqu\u00e9 bajo un \u00e1rbol, frente al Cabildo. Justo donde alrededor de las 8.00 un grupo de la JR acamp\u00f3 con bombos y damajuanas. Despu\u00e9s, s\u00f3lo tengo grabados los diez minutos que apareci\u00f3 usted, pasado el mediod\u00eda, en el balc\u00f3n del Cabildo. Estaba a no m\u00e1s de veinte pasos de nosotros. Y habl\u00f3. Nos habl\u00f3.<\/p>\n<p style=\"text-align: justify;\">Ayer volv\u00ed a leer sus palabras: \u00abCompatriotas, iniciamos una etapa que sin duda ser\u00e1 dif\u00edcil, porque tenemos todos la enorme responsabilidad de asegurar hoy, y para los tiempos futuros, la democracia y el respeto por la dignidad del hombre en la tierra argentina\u00bb.<\/p>\n<p style=\"text-align: justify;\">No s\u00e9 si entend\u00edamos, quienes esperamos toda la noche all\u00ed, la importancia de aquella jornada. Hoy s\u00e9 que fue hist\u00f3rica. Fundacional. El 10 de diciembre de 1983 es una fecha patria. La m\u00e1s importante que la pol\u00edtica nos dio en los \u00faltimos 40 a\u00f1os. Como el 25 de mayo, como el 9 de julio, deber\u00eda tener un lugar de privilegio en el calendario escolar. Ya pasaron m\u00e1s de dos d\u00e9cadas, y ese es mi recuerdo de ese s\u00e1bado.<\/p>\n<p>Como yo a los 19 a\u00f1os aquella noche del 9 de diciembre, este pa\u00eds nunca lleg\u00f3 a tomar el tren. Pase por la misma plaza una noche cualquiera: todav\u00eda, a casi cuatro a\u00f1os del desastre del 2001, un ej\u00e9rcito de cartoneros da testimonio de ello (Nota: y hoy, 2018, todas las noches hay largas filas para comer lo que la Red Solidaria les provee; la historia circular de la Argentina). Pero todos, si bien no a vivir mejor, aprendimos a defender nuestra Democracia. Porque es \u2013tan simple, tan profundo- nuestra forma de vida. La que nunca m\u00e1s vamos a perder, por m\u00e1s espejos de colores que nos muestre alg\u00fan autoritario. Y todav\u00eda, mire mis ojos sino, me emociona recordar que fui testigo directo de aquella plaza.\u00bb<\/p>\n<p style=\"text-align: justify;\">\n<strong>\u2013Como le dije, hab\u00eda mucha esperanza depositada en usted: \u00bffue demasiada carga para un solo hombre?<\/strong><\/p>\n<p style=\"text-align: justify;\">\u2013Bueno, s\u00ed, es evidente eso. Ven\u00edamos de ser elegidos a trav\u00e9s de una alianza impl\u00edcita, en la que mucha gente confi\u00f3 en que yo pod\u00eda llevar al pa\u00eds a la Democracia. Pero esa alianza se fue rompiendo a medida que fuimos tomando medidas de car\u00e1cter econ\u00f3mico y social, porque me votaron muchos que no coincid\u00edan entre s\u00ed en esas materias. Simplemente, todos coincid\u00edan en c\u00f3mo conducir el proceso de transici\u00f3n democr\u00e1tica, y se fueron sintiendo desilusionados en otros aspectos.<\/p>\n<p style=\"text-align: justify;\"><strong>\u2013\u00bfQu\u00e9 recuerda de aquel 10 de diciembre?<\/strong><\/p>\n<p style=\"text-align: justify;\">\u2013Ya no muchos detalles, para ser sincero. S\u00ed que la noche anterior hab\u00eda dormido bien. Estaba en el Hotel Panamericano. Ese d\u00eda me levant\u00e9 temprano. Y desayun\u00e9 muy poco, un caf\u00e9 apenas\u2026 o quiz\u00e1s fue un t\u00e9. Pero estaba muy sensible, muy emocionado. \u00a1Los pol\u00edticos no somos de piedra, tampoco! Y era muy optimista, pero la situaci\u00f3n me demostr\u00f3 que era muy dif\u00edcil.<\/p>\n<p style=\"text-align: justify;\"><strong>\u2013\u00bfQu\u00e9 lo emocion\u00f3 exactamente?<\/strong><\/p>\n<p style=\"text-align: justify;\">\u2013La asunci\u00f3n, toda, desde el principio hasta el final. Primero, el juramento ante la Asamblea del Congreso. Recuerdo mucho tambi\u00e9n el paseo por la avenida de Mayo, impresionante ver las caras de los que se agolpaban en la calle. Pero sin dudas, lo m\u00e1s maravilloso fue el acto del Cabildo, porque pusimos al rev\u00e9s la plaza. Hab\u00eda un colorido extraordinario. Estaba el pueblo\u2026<\/p>\n<p style=\"text-align: justify;\">\u2013<strong>\u00bfEn qu\u00e9 pensaba mientras saludaba desde el Cadillac descapotable?<\/strong><\/p>\n<p style=\"text-align: justify;\">\u2013En no fallarle a toda esa gente. Hice todo lo que pude, pero la crisis me dijo que no a las soluciones que pens\u00e9 para el pueblo argentino.<\/p>\n<p style=\"text-align: justify;\"><strong>\u2013\u00bfCon qu\u00e9 se daba por hecho \u00edntimamente, cuando imagin\u00f3 su gobierno?<\/strong><\/p>\n<p style=\"text-align: justify;\">\u2013Usted se acuerda, yo dec\u00eda que se acababa el hambre. Quer\u00eda mejorar la situaci\u00f3n econ\u00f3mica y social. No olvide \u2013y es algo que muchos olvidan-, que recibimos a un pa\u00eds en default, en cesaci\u00f3n de pagos. Hab\u00eda que empujar mucho para resolverlo. Tuvimos que luchar durante casi seis a\u00f1os contra el Fondo Monetario.<\/p>\n<p style=\"text-align: justify;\"><strong>\u2013\u00bfC\u00f3mo comparar\u00eda a ese default con el que soport\u00f3 este gobierno?<\/strong><\/p>\n<p style=\"text-align: justify;\">-Bueno, la situaci\u00f3n internacional, hoy, es extraordinaria para el pa\u00eds. Con nosotros fue al rev\u00e9s: los precios de nuestros productos estaban por el suelo, la tasa de inter\u00e9s de los Estados Unidos estaba alt\u00edsima, al doble que la de hoy. El campo internacional no jug\u00f3 a favor\u2026Y siguiendo con su pregunta anterior, ten\u00eda mi pol\u00edtica de Derechos Humanos como algo fundamental tambi\u00e9n. Fuimos el \u00fanico pa\u00eds de Latinoam\u00e9rica, entonces, que no tuvimos que conversar con los dictadores para ver de qu\u00e9 manera se tomaba el poder. A los pocos d\u00edas enviamos a la Junta Militar a juicio.<\/p>\n<p style=\"text-align: justify;\"><strong>\u2013\u00bfVislumbraba los problemas que le traer\u00eda esa medida: Semana Santa, Monte Caseros\u2026?<\/strong><\/p>\n<p style=\"text-align: justify;\">\u2013S\u00ed, con esas medidas que tomamos en el campo de los Derechos Humanos, nos enfrent\u00e1bamos a sectores muy importantes y sin tener una pistola, s\u00f3lo con las leyes. Ahora se dice f\u00e1cil, pero entonces\u2026<\/p>\n<p style=\"text-align: justify;\"><strong>\u2013La gente siempre respondi\u00f3: llen\u00f3 la plaza para defender la Democracia, y eso era in\u00e9dito.<\/strong><\/p>\n<p style=\"text-align: justify;\">\u2013Claro, y yo tampoco quer\u00eda volver atr\u00e1s. Con la Ley de Obediencia Debida tuve una gran lucha conmigo mismo. Me sent\u00eda dividido en dos partes. Tuve que elegir entre tener una estatua en cada plaza, o recibir cr\u00edticas y salvar la Democracia, porque la cosa no daba para m\u00e1s. Y en la campa\u00f1a yo me compromet\u00ed a juzgar a quienes hab\u00edan dado las \u00f3rdenes y a quienes se hab\u00edan excedido. Pero bueno, no fui comprendido con esa medida, y hoy tampoco lo soy. Pero seguimos viviendo en Democracia\u2026<\/p>\n<p style=\"text-align: justify;\"><strong>\u2013La gente se hubiera jugado el pellejo en ese momento, no era ret\u00f3rica nom\u00e1s\u2026<\/strong><\/p>\n<p style=\"text-align: justify;\">\u2013Si, claro\u2026 Y por eso yo dije aquello de Felices Pascuas en Campo de Mayo. No quer\u00eda un enfrentamiento tr\u00e1gico.<\/p>\n<p style=\"text-align: justify;\"><strong>\u2013Al dejar el gobierno anticipadamente, usted dijo que no pudo, no supo, no quiso\u2026 \u00bfHoy tiene resuelto qu\u00e9 no quiso, no supo y no pudo?<\/strong><\/p>\n<p style=\"text-align: justify;\">\u2013Durante toda la campa\u00f1a dije que con la Democracia se come, se educa y se cura. Y lo cierto es que la crisis no me dej\u00f3 hacerlo del todo, aunque pusimos en marcha el PAN, que dio alimentaci\u00f3n complementaria a cinco millones de personas, el plan ABC para dar por millones \u00fatiles a los ni\u00f1os, y bajamos la deserci\u00f3n escolar con los comedores, y un plan de alfabetizaci\u00f3n premiado por las Naciones Unidas. Y en salud, quisimos poner en marcha un seguro, pero me lo detuvieron en el Senado.<\/p>\n<p style=\"text-align: justify;\"><strong>\u2013\u00bfDebi\u00f3 haber apelado a m\u00e1s decretos, quiere decir?<\/strong><\/p>\n<p style=\"text-align: justify;\">\u2013\u00a1No, por favor! Nunca fui partidario de los decretos de necesidad y urgencia. Utilic\u00e9 menos de diez. Todos en casos imprescindibles, como el plan Austral. Yo he pasado por muchas vicisitudes por respetar al Congreso, pero no me arrepiento. El Congreso no debe ser un convidado de piedra. Hoy se lo soslaya, se lo deja de lado. Los decretos de necesidad y urgencia de Kirchner ya baten el r\u00e9cord que ten\u00eda Menem, algo por lo que yo lo criticaba mucho. Pero no fue s\u00f3lo eso\u2026<\/p>\n<p style=\"text-align: justify;\"><strong>\u2013\u00bfQu\u00e9 m\u00e1s?<\/strong><\/p>\n<p style=\"text-align: justify;\">\u2013Yo no quise transar con el FMI en todas sus pol\u00edticas. Y se vengaron. Ese fue el \u00abno pude\u00bb, s\u00ed: no pude realizar todo lo que so\u00f1aba. Y no supe realizar algunas cosas, como irme al sur, al mar y al fr\u00edo con la Capital, una idea muy buena. Me tendr\u00eda que haber ido aunque sea en carpa, pero no supuse que el Justicialismo votar\u00eda en contra.<\/p>\n<p style=\"text-align: justify;\"><strong>\u2013Le insisto: \u00bfUn gobierno no necesita, a veces, un Presidente que haga valer todas las posibilidades que le otorgan las leyes para llevar adelante sus ideas con m\u00e1s firmeza, m\u00e1s all\u00e1 de las formas?<\/strong><\/p>\n<p style=\"text-align: justify;\">\u2013No. Mire, en la Argentina, para crecer definitivamente, se precisan instituciones fuertes m\u00e1s que presidentes fuertes. Es elemental para la Rep\u00fablica, que exige la divisi\u00f3n de poderes para evitar que un gobierno arbitrario haga lo que quiera. Es sobre esos derechos fundamentales se construye la verdadera Democracia.<\/p>\n<p style=\"text-align: justify;\">\n<p style=\"text-align: justify;\">Fuente: por Hugo Martin<br \/>\nfotos: Leandro Montini, Christian Beliera y Archivo Atl\u00e1ntida<\/p>\n","protected":false},"excerpt":{"rendered":"<div class=\"mh-excerpt\"><p>En el a\u00f1o 2005, para la edici\u00f3n que celebraba los 40 a\u00f1os de la revista GENTE, el ex presidente cont\u00f3 c\u00f3mo vivi\u00f3 la jornada del <a class=\"mh-excerpt-more\" href=\"https:\/\/primiciasclorinda.com\/?p=12335\" title=\"35 a\u00f1os del regreso de la Democracia: as\u00ed recordaba Ra\u00fal Alfons\u00edn el 10 de diciembre de 1983\">[&#8230;]<\/a><\/p>\n<\/div>","protected":false},"author":3,"featured_media":12336,"comment_status":"open","ping_status":"open","sticky":false,"template":"","format":"standard","meta":{"footnotes":""},"categories":[3],"tags":[2193,945,925],"class_list":["post-12335","post","type-post","status-publish","format-standard","has-post-thumbnail","hentry","category-politica-economia","tag-35-anos-de-democracia","tag-democracia","tag-raul-alfonsin"],"_links":{"self":[{"href":"https:\/\/primiciasclorinda.com\/index.php?rest_route=\/wp\/v2\/posts\/12335","targetHints":{"allow":["GET"]}}],"collection":[{"href":"https:\/\/primiciasclorinda.com\/index.php?rest_route=\/wp\/v2\/posts"}],"about":[{"href":"https:\/\/primiciasclorinda.com\/index.php?rest_route=\/wp\/v2\/types\/post"}],"author":[{"embeddable":true,"href":"https:\/\/primiciasclorinda.com\/index.php?rest_route=\/wp\/v2\/users\/3"}],"replies":[{"embeddable":true,"href":"https:\/\/primiciasclorinda.com\/index.php?rest_route=%2Fwp%2Fv2%2Fcomments&post=12335"}],"version-history":[{"count":1,"href":"https:\/\/primiciasclorinda.com\/index.php?rest_route=\/wp\/v2\/posts\/12335\/revisions"}],"predecessor-version":[{"id":12337,"href":"https:\/\/primiciasclorinda.com\/index.php?rest_route=\/wp\/v2\/posts\/12335\/revisions\/12337"}],"wp:featuredmedia":[{"embeddable":true,"href":"https:\/\/primiciasclorinda.com\/index.php?rest_route=\/wp\/v2\/media\/12336"}],"wp:attachment":[{"href":"https:\/\/primiciasclorinda.com\/index.php?rest_route=%2Fwp%2Fv2%2Fmedia&parent=12335"}],"wp:term":[{"taxonomy":"category","embeddable":true,"href":"https:\/\/primiciasclorinda.com\/index.php?rest_route=%2Fwp%2Fv2%2Fcategories&post=12335"},{"taxonomy":"post_tag","embeddable":true,"href":"https:\/\/primiciasclorinda.com\/index.php?rest_route=%2Fwp%2Fv2%2Ftags&post=12335"}],"curies":[{"name":"wp","href":"https:\/\/api.w.org\/{rel}","templated":true}]}}