{"id":12315,"date":"2018-12-09T10:49:12","date_gmt":"2018-12-09T13:49:12","guid":{"rendered":"http:\/\/primiciasclorinda.com\/?p=12315"},"modified":"2018-12-09T10:49:12","modified_gmt":"2018-12-09T13:49:12","slug":"nilda-patino-zorrilla-viene-repitiendo-que-no-se-deben-ensenar-contenidos","status":"publish","type":"post","link":"https:\/\/primiciasclorinda.com\/?p=12315","title":{"rendered":"Nilda Pati\u00f1o: \u00abZorrilla viene repitiendo que no se deben ense\u00f1ar contenidos\u00bb"},"content":{"rendered":"<p style=\"text-align: justify;\">Nilda Pati\u00f1o, secretaria general del gremio de Docentes Autoconvocados, lament\u00f3 el hecho de violencia en el aula que se dio a conocer d\u00edas atr\u00e1s donde un alumno golpea a un profesor y dijo que desde hace a\u00f1os vienen advirtiendo esta situaci\u00f3n \u00abcotidiana\u00bb que padecen los docentes.<\/p>\n<p style=\"text-align: justify;\">\u00abEsto tom\u00f3 estado p\u00fablico pero lamentablemente es una situaci\u00f3n casi cotidiana que a lo mejor no llega a que el profesor se caiga y lo pateen en el suelo, pero hoy los docentes estamos siendo agredidos sistem\u00e1ticamente, ya lo expresamos en un comunicado de prensa que la responsabilidad pol\u00edtica les hizo saber a los chicos que nosotros tenemos la obligaci\u00f3n de aprobarlos, es muy pero muy grave, all\u00e1 por el 2006 ya hicimos un documento y denunciamos esto de la promoci\u00f3n asistida, lo titulamos &#8216;Genocidio Educativo&#8217; lo mandamos a todos los organismos que encontramos; al Ministerio, al gobernador, al Ministerio de Educaci\u00f3n de la Naci\u00f3n, a UNICEF, a la universidad de Plaza de Mayo en ese momento, y debo decir que la \u00fanica que se preocup\u00f3 y nos respondi\u00f3 fue Hebe de Bonafini, de los otros lugares hubo silencio\u00bb, expres\u00f3.<\/p>\n<p style=\"text-align: justify;\">De la misma forma dijo que esta reforma educativa ya tiene sus antecedentes. \u00abNi bien apareci\u00f3 esto nosotros empezamos a averiguar de d\u00f3nde ven\u00eda y era una receta que surg\u00eda de unos acuerdos de unas ONG&#8217;s educativas con la UNESCO, con el Banco Mundial y que claramente es para bajar el nivel educativo. Ellos hacen el an\u00e1lisis de que entramos en la era de la rob\u00f3tica y creo que ya nos pasa, ellos plantean que vamos a una desocupaci\u00f3n del 60% en el mundo entonces el sistema educativo debe modificarse porque no puede seguir sacando personas m\u00e1s calificadas de lo que va a necesitar, ellos como patrones piensan esto, yo tengo que tener un empleado al que pueda sobre exigir, cambiar, un empleado no capacitado para esclavizar, a veces estamos tan tapados de cosas y de ocupaciones en particular los docentes de aula y esto de hacer el PAIR, la planificaci\u00f3n, la presentaci\u00f3n, que no puede levantar la cabeza y mirar lo que te est\u00e1n haciendo hacer porque los compa\u00f1eros son como empujados a cumplir y no se dan cuenta que est\u00e1n haciendo coas que nos est\u00e1n llevando a una situaci\u00f3n muy perjudicial para ellos, la reforma es completa por eso est\u00e1 en Legislatura la reforma del estatuto, por eso ya la reforma jubilatoria, porque estos se\u00f1ores tienen la capacidad, tienen gente estudiosa, miran el mundo y proyectan metas\u00bb, denunci\u00f3.<\/p>\n<p style=\"text-align: justify;\">\u00abEn Formosa lo que nos aterra es que se adelant\u00f3 a todo eso, Formosa ya extendi\u00f3 la promoci\u00f3n asistida hasta el secundario y el profesor tiene que elegir 3 contenidos para trabajarlos y tiene que hacer un proyecto trimestral para ese alumno que no asisti\u00f3, todos tienen que hacerlo pero el que hizo todo se aburre porque es para el que nunca vino, para el que tiene alguna dificultad, hay chicos tambi\u00e9n a los que los padres le pagan el profesor particular que les hace el PAIR y lo presentan y algunos colegas cansados de las presiones, humillaciones y persecuciones que tienen, si es que tiene un alto nivel de desaprobados, los termina aprobando a todos\u00bb, asever\u00f3. Pati\u00f1o.<\/p>\n<p style=\"text-align: justify;\">De la misma forma carg\u00f3 contra el ministro de Educaci\u00f3n de la provincia, Alberto Zorrilla. \u00ab\u00c9l viene repitiendo que no se deben ense\u00f1ar contenidos, que se deben trabajar capacidades y yo dec\u00eda pero c\u00f3mo van a ense\u00f1ar capacidad si no van a ense\u00f1ar contenidos pero despu\u00e9s nos aclararon los documentos que fuimos leyendo, que es trabajar las capacidades sociales que son tolerancia a la frustraci\u00f3n, la capacidad de adaptaci\u00f3n al cambio, los est\u00e1n preparando para aceptar el fracaso como algo natural y lo dijo Bullrich cuando era ministro de Educaci\u00f3n de que ten\u00edamos que preparar a los j\u00f3venes para la incertidumbre porque el mundo en el que se van a insertar va a ser incierto y van a cambiar cerca de 5 o 6 trabajos a lo largo de su vida, que hab\u00eda que preparar la escuela para eso, tambi\u00e9n convengamos que la escuela tiene un fin social que va m\u00e1s all\u00e1 de las ense\u00f1anzas de las ciencias\u00bb.<\/p>\n<p style=\"text-align: justify;\">\u00abEl hecho de que le hayan pegado a un profesor y el que el chico ni siquiera despu\u00e9s de que le pas\u00f3 el ataque de ira entienda que estuvo mal, ah\u00ed ya fracasa por eso va a intentar hacer otra cosa en otra escuela y a mi me preocupa la reacci\u00f3n del Ministerio de Educaci\u00f3n porque ellos son como los padres de la casa, qu\u00e9 van a hacer frente a ese acto, primero dijeron que las directoras no hablen con la prensa siendo que son funcionarias p\u00fablicas y deben dar cuenta de sus actos, deben tener la responsabilidad, tienen al cuidado a menores y si un director no le pudo garantizar la seguridad al profesor, tampoco le puede garantizar a los alumnos. Para m\u00ed los directores despu\u00e9s del ministro son los responsables de la cat\u00e1strofe educativa porque dan clases sin agua, porque no hay porteros\u00bb, lament\u00f3.<\/p>\n<p style=\"text-align: justify;\">Record\u00f3 tambi\u00e9n que \u00aben esta escuela donde hubo este incidente con al alumno, nosotros denunciamos a la directora, esa escuela es la que hizo punta persiguiendo a los docentes a que aprueben\u00bb.<\/p>\n<p style=\"text-align: justify;\">En ese marco dijo que lo que ocurre con la violencia en las aulas, se replica en otras partes del planeta. \u00abEsto es algo a nivel mundial, es un tsunami, esto que est\u00e1 pasando en Francia es la reacci\u00f3n a la reforma laboral, educativa, previsional, nada m\u00e1s que ac\u00e1 Macri lo dice descaradamente. Hoy lo que estamos diciendo con el sistema educativo formose\u00f1o es decir que por esta v\u00eda no hay salida, o tenes que ser delincuente en la calle o delincuente de guantes blancos\u00bb.<\/p>\n<p style=\"text-align: justify;\">\u00abEnse\u00f1ar requiere una profunda convicci\u00f3n, he tenido alumnos dif\u00edciles, es m\u00e1s la rectora del colegio Nacional me daba a mi la tutor\u00eda de esos cursos que nadie quer\u00eda, el adolescente es un ser profundamente sensible porque creo que la propia edad lo prepara para eso, percibe todo lo que le dicen, si los chicos hoy act\u00faan as\u00ed es porque perciben lo que est\u00e1 pasando, ellos saben que el profesor los tiene que aprobar\u00bb, lament\u00f3 Pati\u00f1o.<\/p>\n<p style=\"text-align: justify;\">\u00abEste sistema funciona mal, se sostiene al que no tiene t\u00edtulo, al alumno violento, no hay incentivo para el que estudia, hay planes, becas y programas para el que abandon\u00f3, que volvi\u00f3 100 veces, pero no para el que se destaca, esa es la mejor demostraci\u00f3n de que no queremos que esto mejore\u00bb, lament\u00f3.<\/p>\n<p style=\"text-align: justify;\">\u00abYo quiero que los padres se movilicen, sue\u00f1o en que los padres quieran que sus hijos aprendan, que entiendan que los est\u00e1n enga\u00f1ando, yo s\u00e9 que es dif\u00edcil pero no me voy a cansar de decir esto, creo que podemos lograr a que este sistema perverso caiga pero va a depender de la presi\u00f3n social. En las escuelas de Formosa est\u00e1 prohibido ense\u00f1ar y esa es la verdad\u00bb, finaliz\u00f3.<\/p>\n","protected":false},"excerpt":{"rendered":"<div class=\"mh-excerpt\"><p>Nilda Pati\u00f1o, secretaria general del gremio de Docentes Autoconvocados, lament\u00f3 el hecho de violencia en el aula que se dio a conocer d\u00edas atr\u00e1s donde <a class=\"mh-excerpt-more\" href=\"https:\/\/primiciasclorinda.com\/?p=12315\" title=\"Nilda Pati\u00f1o: \u00abZorrilla viene repitiendo que no se deben ense\u00f1ar contenidos\u00bb\">[&#8230;]<\/a><\/p>\n<\/div>","protected":false},"author":3,"featured_media":4975,"comment_status":"open","ping_status":"open","sticky":false,"template":"","format":"standard","meta":{"footnotes":""},"categories":[3],"tags":[82,326,23,667,916],"class_list":["post-12315","post","type-post","status-publish","format-standard","has-post-thumbnail","hentry","category-politica-economia","tag-docentes-autoconvocados","tag-eduacion","tag-formosa","tag-gremios-docentes","tag-nilda-patino"],"_links":{"self":[{"href":"https:\/\/primiciasclorinda.com\/index.php?rest_route=\/wp\/v2\/posts\/12315","targetHints":{"allow":["GET"]}}],"collection":[{"href":"https:\/\/primiciasclorinda.com\/index.php?rest_route=\/wp\/v2\/posts"}],"about":[{"href":"https:\/\/primiciasclorinda.com\/index.php?rest_route=\/wp\/v2\/types\/post"}],"author":[{"embeddable":true,"href":"https:\/\/primiciasclorinda.com\/index.php?rest_route=\/wp\/v2\/users\/3"}],"replies":[{"embeddable":true,"href":"https:\/\/primiciasclorinda.com\/index.php?rest_route=%2Fwp%2Fv2%2Fcomments&post=12315"}],"version-history":[{"count":1,"href":"https:\/\/primiciasclorinda.com\/index.php?rest_route=\/wp\/v2\/posts\/12315\/revisions"}],"predecessor-version":[{"id":12316,"href":"https:\/\/primiciasclorinda.com\/index.php?rest_route=\/wp\/v2\/posts\/12315\/revisions\/12316"}],"wp:featuredmedia":[{"embeddable":true,"href":"https:\/\/primiciasclorinda.com\/index.php?rest_route=\/wp\/v2\/media\/4975"}],"wp:attachment":[{"href":"https:\/\/primiciasclorinda.com\/index.php?rest_route=%2Fwp%2Fv2%2Fmedia&parent=12315"}],"wp:term":[{"taxonomy":"category","embeddable":true,"href":"https:\/\/primiciasclorinda.com\/index.php?rest_route=%2Fwp%2Fv2%2Fcategories&post=12315"},{"taxonomy":"post_tag","embeddable":true,"href":"https:\/\/primiciasclorinda.com\/index.php?rest_route=%2Fwp%2Fv2%2Ftags&post=12315"}],"curies":[{"name":"wp","href":"https:\/\/api.w.org\/{rel}","templated":true}]}}