{"id":12312,"date":"2018-12-09T10:47:28","date_gmt":"2018-12-09T13:47:28","guid":{"rendered":"http:\/\/primiciasclorinda.com\/?p=12312"},"modified":"2018-12-09T10:47:28","modified_gmt":"2018-12-09T13:47:28","slug":"el-clorindense-lisandro-arturo-cabral-es-el-nuevo-juez-de-la-camara-segunda-en-lo-criminal","status":"publish","type":"post","link":"https:\/\/primiciasclorinda.com\/?p=12312","title":{"rendered":"El clorindense Lisandro Arturo Cabral es el nuevo juez de la C\u00e1mara Segunda en lo Criminal"},"content":{"rendered":"<p style=\"text-align: justify;\">El magistrado elogi\u00f3 \u201cel avanzado sistema de Formosa en lo referente a la designaci\u00f3n de cargos, que garantiza una oposici\u00f3n eficiente de los postulantes.<\/p>\n<p>Tras presentarse a concurso, junto a otros 50 postulantes, por una vacante que se produjo en la C\u00e1mara Segunda en lo Criminal de la Provincia de Formosa y luego de aprobarse su pliego por la Legislatura provincial, el Dr. Arturo Cabral es hoy el juez de esa C\u00e1mara.<\/p>\n<p style=\"text-align: justify;\">\u201cLa C\u00e1mara Segunda en lo Criminal tiene una funci\u00f3n trascendente desde el punto de vista social y jur\u00eddico, por lo que su satisfacci\u00f3n es a\u00fan mayor. Quienes ingresan a esta instancia poseen el est\u00e1ndar necesario de formaci\u00f3n jur\u00eddica para dictar sentencia en este \u00e1mbito\u201d, sostuvo.<\/p>\n<p style=\"text-align: justify;\">As\u00ed tambi\u00e9n, elogi\u00f3 \u201cel avanzado sistema que tiene la provincia de Formosa en lo referente a la designaci\u00f3n de cargos que garantizan una oposici\u00f3n eficiente por parte de los postulantes\u201d.<\/p>\n<p style=\"text-align: justify;\">Cabral inst\u00f3 a los j\u00f3venes de la Segunda Circunscripci\u00f3n del Poder Judicial a que se presenten a los concursos y se preparen \u201cporque siempre se producen vacantes\u201d y finalmente se\u00f1al\u00f3: \u201cagradezco y quiero reconocer la calidad y la condici\u00f3n de bien de todas las personas con quien he trabajado, especialmente en la fiscal\u00eda\u201d.<\/p>\n<p style=\"text-align: justify;\">Fuente: La Ma\u00f1ana<\/p>\n","protected":false},"excerpt":{"rendered":"<div class=\"mh-excerpt\"><p>El magistrado elogi\u00f3 \u201cel avanzado sistema de Formosa en lo referente a la designaci\u00f3n de cargos, que garantiza una oposici\u00f3n eficiente de los postulantes. Tras <a class=\"mh-excerpt-more\" href=\"https:\/\/primiciasclorinda.com\/?p=12312\" title=\"El clorindense Lisandro Arturo Cabral es el nuevo juez de la C\u00e1mara Segunda en lo Criminal\">[&#8230;]<\/a><\/p>\n<\/div>","protected":false},"author":3,"featured_media":12313,"comment_status":"open","ping_status":"open","sticky":false,"template":"","format":"standard","meta":{"footnotes":""},"categories":[3],"tags":[757,2189],"class_list":["post-12312","post","type-post","status-publish","format-standard","has-post-thumbnail","hentry","category-politica-economia","tag-justicia","tag-lisandro-arturo-cabral"],"_links":{"self":[{"href":"https:\/\/primiciasclorinda.com\/index.php?rest_route=\/wp\/v2\/posts\/12312","targetHints":{"allow":["GET"]}}],"collection":[{"href":"https:\/\/primiciasclorinda.com\/index.php?rest_route=\/wp\/v2\/posts"}],"about":[{"href":"https:\/\/primiciasclorinda.com\/index.php?rest_route=\/wp\/v2\/types\/post"}],"author":[{"embeddable":true,"href":"https:\/\/primiciasclorinda.com\/index.php?rest_route=\/wp\/v2\/users\/3"}],"replies":[{"embeddable":true,"href":"https:\/\/primiciasclorinda.com\/index.php?rest_route=%2Fwp%2Fv2%2Fcomments&post=12312"}],"version-history":[{"count":1,"href":"https:\/\/primiciasclorinda.com\/index.php?rest_route=\/wp\/v2\/posts\/12312\/revisions"}],"predecessor-version":[{"id":12314,"href":"https:\/\/primiciasclorinda.com\/index.php?rest_route=\/wp\/v2\/posts\/12312\/revisions\/12314"}],"wp:featuredmedia":[{"embeddable":true,"href":"https:\/\/primiciasclorinda.com\/index.php?rest_route=\/wp\/v2\/media\/12313"}],"wp:attachment":[{"href":"https:\/\/primiciasclorinda.com\/index.php?rest_route=%2Fwp%2Fv2%2Fmedia&parent=12312"}],"wp:term":[{"taxonomy":"category","embeddable":true,"href":"https:\/\/primiciasclorinda.com\/index.php?rest_route=%2Fwp%2Fv2%2Fcategories&post=12312"},{"taxonomy":"post_tag","embeddable":true,"href":"https:\/\/primiciasclorinda.com\/index.php?rest_route=%2Fwp%2Fv2%2Ftags&post=12312"}],"curies":[{"name":"wp","href":"https:\/\/api.w.org\/{rel}","templated":true}]}}