{"id":12055,"date":"2018-11-15T07:59:03","date_gmt":"2018-11-15T10:59:03","guid":{"rendered":"http:\/\/primiciasclorinda.com\/?p=12055"},"modified":"2018-11-15T08:00:42","modified_gmt":"2018-11-15T11:00:42","slug":"la-acad-recordo-el-dia-internacional-de-la-diabetes-con-un-acto-en-su-monumento","status":"publish","type":"post","link":"https:\/\/primiciasclorinda.com\/?p=12055","title":{"rendered":"La ACAD record\u00f3 el D\u00eda Internacional de la Diabetes con un acto en su monumento"},"content":{"rendered":"<p style=\"text-align: justify;\">La Asociaci\u00f3n Clorindense de Ayuda al Diabetico, realiz\u00f3 un acto por conmemorarse ayer 14 de noviembre el D\u00eda Mundial de la Diabetes, all\u00ed asistieron miembros de la ACAD, el Dr. Rafael Quiriconi, la Dra. Silvia San Miguel, entre otros.\u00a0el concejal Ariel Caniza en representaci\u00f3n del HCD y del Municipio, miembros del Rotary Club Clorinda, entre otros.<\/p>\n<p style=\"text-align: justify;\"><img loading=\"lazy\" decoding=\"async\" class=\"alignnone size-full wp-image-12057\" src=\"http:\/\/primiciasclorinda.com\/wp-content\/uploads\/2018\/11\/acad2.jpg\" alt=\"\" width=\"578\" height=\"433\" srcset=\"https:\/\/primiciasclorinda.com\/wp-content\/uploads\/2018\/11\/acad2.jpg 578w, https:\/\/primiciasclorinda.com\/wp-content\/uploads\/2018\/11\/acad2-300x225.jpg 300w, https:\/\/primiciasclorinda.com\/wp-content\/uploads\/2018\/11\/acad2-400x300.jpg 400w, https:\/\/primiciasclorinda.com\/wp-content\/uploads\/2018\/11\/acad2-326x245.jpg 326w, https:\/\/primiciasclorinda.com\/wp-content\/uploads\/2018\/11\/acad2-80x60.jpg 80w\" sizes=\"auto, (max-width: 578px) 100vw, 578px\" \/> <img loading=\"lazy\" decoding=\"async\" class=\"alignnone wp-image-12058\" src=\"http:\/\/primiciasclorinda.com\/wp-content\/uploads\/2018\/11\/acad3.jpg\" alt=\"\" width=\"676\" height=\"507\" srcset=\"https:\/\/primiciasclorinda.com\/wp-content\/uploads\/2018\/11\/acad3.jpg 1032w, https:\/\/primiciasclorinda.com\/wp-content\/uploads\/2018\/11\/acad3-300x225.jpg 300w, https:\/\/primiciasclorinda.com\/wp-content\/uploads\/2018\/11\/acad3-768x576.jpg 768w, https:\/\/primiciasclorinda.com\/wp-content\/uploads\/2018\/11\/acad3-400x300.jpg 400w, https:\/\/primiciasclorinda.com\/wp-content\/uploads\/2018\/11\/acad3-678x509.jpg 678w, https:\/\/primiciasclorinda.com\/wp-content\/uploads\/2018\/11\/acad3-326x245.jpg 326w, https:\/\/primiciasclorinda.com\/wp-content\/uploads\/2018\/11\/acad3-80x60.jpg 80w\" sizes=\"auto, (max-width: 676px) 100vw, 676px\" \/> <img loading=\"lazy\" decoding=\"async\" class=\"alignnone size-full wp-image-12059\" src=\"http:\/\/primiciasclorinda.com\/wp-content\/uploads\/2018\/11\/acad4.jpg\" alt=\"\" width=\"722\" height=\"542\" srcset=\"https:\/\/primiciasclorinda.com\/wp-content\/uploads\/2018\/11\/acad4.jpg 722w, https:\/\/primiciasclorinda.com\/wp-content\/uploads\/2018\/11\/acad4-300x225.jpg 300w, https:\/\/primiciasclorinda.com\/wp-content\/uploads\/2018\/11\/acad4-400x300.jpg 400w, https:\/\/primiciasclorinda.com\/wp-content\/uploads\/2018\/11\/acad4-678x509.jpg 678w, https:\/\/primiciasclorinda.com\/wp-content\/uploads\/2018\/11\/acad4-326x245.jpg 326w, https:\/\/primiciasclorinda.com\/wp-content\/uploads\/2018\/11\/acad4-80x60.jpg 80w\" sizes=\"auto, (max-width: 722px) 100vw, 722px\" \/><\/p>\n<p style=\"text-align: justify;\">Se realizaron discursos, una suelta de globos azules y una caminata alrededor de la plaza de la Madre de manera simb\u00f3lica.<\/p>\n<p style=\"text-align: justify;\">La concentraci\u00f3n se realiz\u00f3 en la esquina de Libertad y Av. San Mart\u00edn, lugar donde est\u00e1 el monumento de la ACAD. Primero se repartieron los globos azules para cada uno de los asistentes y acto seguido se dio lugar a los oradores: Estela Leguizamon de Mart\u00ednez, Sandra Ayala, Eleonora Roa, todos miembros de ACAD y el concejal, Ariel Caniza.<\/p>\n<p style=\"text-align: justify;\">Tambi\u00e9n hizo uso de la palabra Graciela C\u00e1ceres, mam\u00e1 de Guadalupe, una nena de 4 a\u00f1os insulina dependiente. La mam\u00e1 de \u00abGuada\u00bb cont\u00f3 c\u00f3mo detectaron su caso desde muy chiquita, qu\u00e9 sintomas tuvo y c\u00f3mo est\u00e1 hoy en d\u00eda haciendo frente a esta enfermedad cr\u00f3nica. Graciela no pudo finalizar de hablar sin antes emocionarse y abrazarce con su peque\u00f1a hija que la acompa\u00f1\u00f3 en todo momento.<\/p>\n<p style=\"text-align: justify;\"><img loading=\"lazy\" decoding=\"async\" class=\"alignnone size-full wp-image-12056\" src=\"http:\/\/primiciasclorinda.com\/wp-content\/uploads\/2018\/11\/graciela-acad1.jpg\" alt=\"\" width=\"722\" height=\"542\" srcset=\"https:\/\/primiciasclorinda.com\/wp-content\/uploads\/2018\/11\/graciela-acad1.jpg 722w, https:\/\/primiciasclorinda.com\/wp-content\/uploads\/2018\/11\/graciela-acad1-300x225.jpg 300w, https:\/\/primiciasclorinda.com\/wp-content\/uploads\/2018\/11\/graciela-acad1-400x300.jpg 400w, https:\/\/primiciasclorinda.com\/wp-content\/uploads\/2018\/11\/graciela-acad1-678x509.jpg 678w, https:\/\/primiciasclorinda.com\/wp-content\/uploads\/2018\/11\/graciela-acad1-326x245.jpg 326w, https:\/\/primiciasclorinda.com\/wp-content\/uploads\/2018\/11\/graciela-acad1-80x60.jpg 80w\" sizes=\"auto, (max-width: 722px) 100vw, 722px\" \/><br \/>\n<strong>Graciela y su hijita Guadalupe de 4 a\u00f1os.<\/strong><\/p>\n<p style=\"text-align: justify;\">Finalmente se realiz\u00f3 la suelta de globos azules, color que identifica a la diabetes, para luego dar una vuelta a la manzana caminando y finalizar las actividades.<\/p>\n<p style=\"text-align: justify;\">\n<p style=\"text-align: justify;\">\n<p style=\"text-align: justify;\">\n<p style=\"text-align: justify;\"><img loading=\"lazy\" decoding=\"async\" class=\"alignnone size-full wp-image-12061\" src=\"http:\/\/primiciasclorinda.com\/wp-content\/uploads\/2018\/11\/acad5.jpg\" alt=\"\" width=\"1032\" height=\"774\" srcset=\"https:\/\/primiciasclorinda.com\/wp-content\/uploads\/2018\/11\/acad5.jpg 1032w, https:\/\/primiciasclorinda.com\/wp-content\/uploads\/2018\/11\/acad5-300x225.jpg 300w, https:\/\/primiciasclorinda.com\/wp-content\/uploads\/2018\/11\/acad5-768x576.jpg 768w, https:\/\/primiciasclorinda.com\/wp-content\/uploads\/2018\/11\/acad5-400x300.jpg 400w, https:\/\/primiciasclorinda.com\/wp-content\/uploads\/2018\/11\/acad5-678x509.jpg 678w, https:\/\/primiciasclorinda.com\/wp-content\/uploads\/2018\/11\/acad5-326x245.jpg 326w, https:\/\/primiciasclorinda.com\/wp-content\/uploads\/2018\/11\/acad5-80x60.jpg 80w\" sizes=\"auto, (max-width: 1032px) 100vw, 1032px\" \/><\/p>\n<p style=\"text-align: justify;\"><strong>\u00bfQu\u00e9 es el D\u00eda Mundial de la Diabetes?<br \/>\n<\/strong><br \/>\nEl D\u00eda Mundial de la Diabetes (DMD) es la campa\u00f1a de concienciaci\u00f3n sobre la diabetes m\u00e1s importante del mundo. Fue instaurado por la Federaci\u00f3n Internacional de Diabetes (FID) y la Organizaci\u00f3n Mundial de la Salud (OMS) en 1991, como respuesta al alarmante aumento de los casos de diabetes en el mundo. En 2007, Naciones Unidas celebr\u00f3 por primera vez este d\u00eda tras la aprobaci\u00f3n de la Resoluci\u00f3n en diciembre de 2006 del D\u00eda Mundial de la Diabetes, lo que convirti\u00f3 al ya existente D\u00eda Mundial de la Diabetes en un d\u00eda oficial de la salud de la ONU.<\/p>\n<p style=\"text-align: justify;\">Su prop\u00f3sito es dar a conocer las causas, los s\u00edntomas, el tratamiento y las complicaciones asociadas a la enfermedad. El D\u00eda Mundial de la Diabetes nos recuerda que la incidencia de esta grave afecci\u00f3n se halla en aumento y continuar\u00e1 esta tendencia a no ser que emprendamos acciones desde ahora para prevenir este enorme crecimiento.<\/p>\n<p style=\"text-align: justify;\"><strong>\u00bfC\u00f3mo empez\u00f3 todo?<br \/>\n<\/strong><br \/>\nEl D\u00eda Mundial de la Diabetes fue introducido por la Federaci\u00f3n Internacional de Diabetes (FID) y la Organizaci\u00f3n Mundial de la Salud (OMS) en 1991, ante el preocupante aumento en la incidencia de la diabetes alrededor del mundo. Desde entonces, el evento ha aumentado en popularidad cada a\u00f1o.<\/p>\n<p style=\"text-align: justify;\"><strong>\u00bfCu\u00e1ndo se celebra?<br \/>\n<\/strong><br \/>\nEl D\u00eda Mundial de la Diabetes se celebra cada a\u00f1o el 14 de noviembre. Se escogi\u00f3 esta fecha siendo el aniversario de Frederick Banting quien, junto con Charles Best, concibi\u00f3 la idea que les conducir\u00eda al descubrimiento de la insulina, en octubre de 1921. Mientras muchos eventos se desarrollan durante o alrededor de ese d\u00eda, la campa\u00f1a se desarrolla a lo largo de todo el a\u00f1o.<\/p>\n<p style=\"text-align: justify;\"><strong>\u00bfD\u00f3nde se celebra?<\/strong><br \/>\n<strong>\u00a1En todo el mundo!<\/strong><\/p>\n<p style=\"text-align: justify;\">El D\u00eda Mundial de la Diabetes re\u00fane a millones de personas en m\u00e1s de 160 pa\u00edses para aumentar la concienciaci\u00f3n sobre la diabetes, incluyendo ni\u00f1os y adultos afectados por la diabetes, profesionales sanitarios, individuos con poder de decisi\u00f3n en materia sanitaria y los medios de comunicaci\u00f3n. Numerosos eventos locales y nacionales son organizados por las asociaciones miembro de la Federaci\u00f3n Internacional de Diabetes y otras organizaciones vinculadas con la diabetes, profesionales sanitarios, autoridades sanitarias e individuos comprometidos con la diabetes. El D\u00eda Mundial de la Diabetes une a la comunidad mundial de la diabetes produciendo una voz potente de concienciaci\u00f3n sobre la diabetes. En Espa\u00f1a, la Sociedad Espa\u00f1ola de Diabetes y la Federaci\u00f3n Espa\u00f1ola de Diabetes son asociaciones miembros de la Federaci\u00f3n Internacional de Diabetes.<\/p>\n<p style=\"text-align: justify;\"><strong>\u00bfC\u00f3mo se celebra?<br \/>\n<\/strong><br \/>\nLa comunidad internacional de la diabetes, que incluye a las asociaciones miembros de la Federaci\u00f3n Internacional de Diabetes, las organizaciones de la diabetes, ONG, departamentos sanitarios y empresas, desarrollan una amplia variedad de actividades, dirigidas a diversos grupos. Algunas de las actividades organizadas cada a\u00f1o son:<\/p>\n<p style=\"text-align: justify;\">Programas de radio y televisi\u00f3n<br \/>\nActividades deportivas<br \/>\nProyecciones gratuitas sobre la diabetes y sus complicaciones<br \/>\nEncuentros informativos p\u00fablicos<br \/>\nCampa\u00f1as de carteles y folletos<br \/>\nExposiciones y talleres sobre la diabetes<br \/>\nRuedas de prensa<br \/>\nArt\u00edculos en peri\u00f3dicos y revistas<br \/>\nActividades para ni\u00f1os y adolescentes<br \/>\nIluminaci\u00f3n de monumentos<br \/>\nC\u00edrculos azules humanos<br \/>\nMarchas<br \/>\nCarreras<br \/>\nCarreras de bicicleta<\/p>\n","protected":false},"excerpt":{"rendered":"<div class=\"mh-excerpt\"><p>La Asociaci\u00f3n Clorindense de Ayuda al Diabetico, realiz\u00f3 un acto por conmemorarse ayer 14 de noviembre el D\u00eda Mundial de la Diabetes, all\u00ed asistieron miembros <a class=\"mh-excerpt-more\" href=\"https:\/\/primiciasclorinda.com\/?p=12055\" title=\"La ACAD record\u00f3 el D\u00eda Internacional de la Diabetes con un acto en su monumento\">[&#8230;]<\/a><\/p>\n<\/div>","protected":false},"author":3,"featured_media":12060,"comment_status":"open","ping_status":"open","sticky":false,"template":"","format":"standard","meta":{"footnotes":""},"categories":[4],"tags":[2143,26,2142],"class_list":["post-12055","post","type-post","status-publish","format-standard","has-post-thumbnail","hentry","category-informacion-general","tag-acad","tag-clorinda","tag-diabetes"],"_links":{"self":[{"href":"https:\/\/primiciasclorinda.com\/index.php?rest_route=\/wp\/v2\/posts\/12055","targetHints":{"allow":["GET"]}}],"collection":[{"href":"https:\/\/primiciasclorinda.com\/index.php?rest_route=\/wp\/v2\/posts"}],"about":[{"href":"https:\/\/primiciasclorinda.com\/index.php?rest_route=\/wp\/v2\/types\/post"}],"author":[{"embeddable":true,"href":"https:\/\/primiciasclorinda.com\/index.php?rest_route=\/wp\/v2\/users\/3"}],"replies":[{"embeddable":true,"href":"https:\/\/primiciasclorinda.com\/index.php?rest_route=%2Fwp%2Fv2%2Fcomments&post=12055"}],"version-history":[{"count":3,"href":"https:\/\/primiciasclorinda.com\/index.php?rest_route=\/wp\/v2\/posts\/12055\/revisions"}],"predecessor-version":[{"id":12064,"href":"https:\/\/primiciasclorinda.com\/index.php?rest_route=\/wp\/v2\/posts\/12055\/revisions\/12064"}],"wp:featuredmedia":[{"embeddable":true,"href":"https:\/\/primiciasclorinda.com\/index.php?rest_route=\/wp\/v2\/media\/12060"}],"wp:attachment":[{"href":"https:\/\/primiciasclorinda.com\/index.php?rest_route=%2Fwp%2Fv2%2Fmedia&parent=12055"}],"wp:term":[{"taxonomy":"category","embeddable":true,"href":"https:\/\/primiciasclorinda.com\/index.php?rest_route=%2Fwp%2Fv2%2Fcategories&post=12055"},{"taxonomy":"post_tag","embeddable":true,"href":"https:\/\/primiciasclorinda.com\/index.php?rest_route=%2Fwp%2Fv2%2Ftags&post=12055"}],"curies":[{"name":"wp","href":"https:\/\/api.w.org\/{rel}","templated":true}]}}