{"id":118911,"date":"2026-03-26T08:32:46","date_gmt":"2026-03-26T11:32:46","guid":{"rendered":"https:\/\/primiciasclorinda.com\/?p=118911"},"modified":"2026-03-26T08:32:46","modified_gmt":"2026-03-26T11:32:46","slug":"a-50-anos-el-concejo-deliberante-de-clorinda-recordo-a-victimas-del-terrorismo-de-estado","status":"publish","type":"post","link":"https:\/\/primiciasclorinda.com\/?p=118911","title":{"rendered":"A 50 a\u00f1os. El Concejo Deliberante de Clorinda record\u00f3 a victimas del terrorismo de Estado."},"content":{"rendered":"\n<p><strong>A 50 a\u00f1os del Golpe de Estado en Argentina de 1976, el Concejo Deliberante llev\u00f3 adelante un emotivo acto conmemorativo en el que se dej\u00f3 formalmente habilitado el Espacio de la Memoria, un \u00e1mbito destinado a preservar el recuerdo y reafirmar el compromiso con la memoria, la verdad y la justicia.<\/strong><\/p>\n\n\n\n<p><strong>Este espacio re\u00fane la frase institucional que acompa\u00f1ar\u00e1 toda la documentaci\u00f3n oficial desde el 24 de marzo hasta el 31 de diciembre, iniciativa impulsada por el vecino Miguel Aranda y aprobada por unanimidad, como as\u00ed tambi\u00e9n la exposici\u00f3n de fotograf\u00edas de las v\u00edctimas de Clorinda del terrorismo de Estado. <\/strong><\/p>\n\n\n\n<figure class=\"wp-block-image size-large is-resized\"><img loading=\"lazy\" decoding=\"async\" width=\"600\" height=\"126\" src=\"http:\/\/primiciasclorinda.com\/wp-content\/uploads\/2026\/03\/hipergasdeconfianza-5-600x126.jpg\" alt=\"\" class=\"wp-image-115713\" style=\"width:840px;height:auto\" srcset=\"https:\/\/primiciasclorinda.com\/wp-content\/uploads\/2026\/03\/hipergasdeconfianza-5-600x126.jpg 600w, https:\/\/primiciasclorinda.com\/wp-content\/uploads\/2026\/03\/hipergasdeconfianza-5-300x63.jpg 300w, https:\/\/primiciasclorinda.com\/wp-content\/uploads\/2026\/03\/hipergasdeconfianza-5-768x162.jpg 768w, https:\/\/primiciasclorinda.com\/wp-content\/uploads\/2026\/03\/hipergasdeconfianza-5.jpg 950w\" sizes=\"auto, (max-width: 600px) 100vw, 600px\" \/><\/figure>\n\n\n\n<p><strong>La ceremonia cont\u00f3 con la participaci\u00f3n de familiares, concejales, trabajadores y funcionarios, en un clima de profundo respeto y reflexi\u00f3n.<\/strong><\/p>\n\n\n\n<p><strong>Durante el acto, la presidente del Concejo destac\u00f3 la importancia de esta iniciativa colectiva, mientras que el impulsor del proyecto brind\u00f3 un mensaje especialmente dirigido a las nuevas generaciones, remarcando la necesidad de mantener viva la memoria para que estos hechos no se repitan. <\/strong><\/p>\n\n\n\n<p><strong>Asimismo, se escuch\u00f3 el testimonio de familiar de una v\u00edctima, quien comparti\u00f3 un sentido homenaje desde su experiencia personal, aportando una mirada profundamente humana sobre lo vivido.<\/strong><\/p>\n\n\n\n<p><strong>Como cierre, se realiz\u00f3 una intervenci\u00f3n simb\u00f3lica en la que los presentes dejaron plasmada su huella digital en un cuadro, representando la identidad de quienes fueron v\u00edctimas del accionar represivo, en especial de aquellos que a\u00fan hoy permanecen desaparecidos. <\/strong><\/p>\n\n\n\n<p><strong>Un acto profundamente conmovedor que interpela, que duele y que compromete: sostener la memoria no es solo recordar, es asumir como comunidad la responsabilidad de no olvidar, de transmitir la verdad a las nuevas generaciones y de alzar, hoy y siempre, una voz firme para que el horror no vuelva a repetirse. Nunca M\u00e1s.<\/strong><\/p>\n\n\n<figure class=\"wp-block-post-featured-image\"><img loading=\"lazy\" decoding=\"async\" width=\"950\" height=\"600\" src=\"https:\/\/primiciasclorinda.com\/wp-content\/uploads\/2026\/03\/nuevoaniversario-8.jpg\" class=\"attachment-post-thumbnail size-post-thumbnail wp-post-image\" alt=\"\" style=\"object-fit:cover;\" srcset=\"https:\/\/primiciasclorinda.com\/wp-content\/uploads\/2026\/03\/nuevoaniversario-8.jpg 950w, https:\/\/primiciasclorinda.com\/wp-content\/uploads\/2026\/03\/nuevoaniversario-8-300x189.jpg 300w, https:\/\/primiciasclorinda.com\/wp-content\/uploads\/2026\/03\/nuevoaniversario-8-475x300.jpg 475w, https:\/\/primiciasclorinda.com\/wp-content\/uploads\/2026\/03\/nuevoaniversario-8-768x485.jpg 768w\" sizes=\"auto, (max-width: 950px) 100vw, 950px\" \/><\/figure>","protected":false},"excerpt":{"rendered":"<div class=\"mh-excerpt\"><p>A 50 a\u00f1os del Golpe de Estado en Argentina de 1976, el Concejo Deliberante llev\u00f3 adelante un emotivo acto conmemorativo en el que se dej\u00f3 <a class=\"mh-excerpt-more\" href=\"https:\/\/primiciasclorinda.com\/?p=118911\" title=\"A 50 a\u00f1os. El Concejo Deliberante de Clorinda record\u00f3 a victimas del terrorismo de Estado.\">[&#8230;]<\/a><\/p>\n<\/div>","protected":false},"author":3,"featured_media":118896,"comment_status":"open","ping_status":"open","sticky":false,"template":"","format":"standard","meta":{"footnotes":""},"categories":[5431,6],"tags":[26,331,6832],"class_list":["post-118911","post","type-post","status-publish","format-standard","has-post-thumbnail","hentry","category-clorinda","category-cultura","tag-clorinda","tag-concejo-deliberante","tag-homenaje-50-anos"],"_links":{"self":[{"href":"https:\/\/primiciasclorinda.com\/index.php?rest_route=\/wp\/v2\/posts\/118911","targetHints":{"allow":["GET"]}}],"collection":[{"href":"https:\/\/primiciasclorinda.com\/index.php?rest_route=\/wp\/v2\/posts"}],"about":[{"href":"https:\/\/primiciasclorinda.com\/index.php?rest_route=\/wp\/v2\/types\/post"}],"author":[{"embeddable":true,"href":"https:\/\/primiciasclorinda.com\/index.php?rest_route=\/wp\/v2\/users\/3"}],"replies":[{"embeddable":true,"href":"https:\/\/primiciasclorinda.com\/index.php?rest_route=%2Fwp%2Fv2%2Fcomments&post=118911"}],"version-history":[{"count":1,"href":"https:\/\/primiciasclorinda.com\/index.php?rest_route=\/wp\/v2\/posts\/118911\/revisions"}],"predecessor-version":[{"id":118912,"href":"https:\/\/primiciasclorinda.com\/index.php?rest_route=\/wp\/v2\/posts\/118911\/revisions\/118912"}],"wp:featuredmedia":[{"embeddable":true,"href":"https:\/\/primiciasclorinda.com\/index.php?rest_route=\/wp\/v2\/media\/118896"}],"wp:attachment":[{"href":"https:\/\/primiciasclorinda.com\/index.php?rest_route=%2Fwp%2Fv2%2Fmedia&parent=118911"}],"wp:term":[{"taxonomy":"category","embeddable":true,"href":"https:\/\/primiciasclorinda.com\/index.php?rest_route=%2Fwp%2Fv2%2Fcategories&post=118911"},{"taxonomy":"post_tag","embeddable":true,"href":"https:\/\/primiciasclorinda.com\/index.php?rest_route=%2Fwp%2Fv2%2Ftags&post=118911"}],"curies":[{"name":"wp","href":"https:\/\/api.w.org\/{rel}","templated":true}]}}