{"id":114649,"date":"2026-03-18T08:48:44","date_gmt":"2026-03-18T11:48:44","guid":{"rendered":"https:\/\/primiciasclorinda.com\/?p=114649"},"modified":"2026-03-18T08:48:44","modified_gmt":"2026-03-18T11:48:44","slug":"tras-la-suspension-de-la-finalissima-la-seleccion-argentina-jugara-un-amistoso-contra-guatemala-en-buenos-aires","status":"publish","type":"post","link":"https:\/\/primiciasclorinda.com\/?p=114649","title":{"rendered":"Tras la suspensi\u00f3n de la Finalissima, la Selecci\u00f3n Argentina jugar\u00e1 un amistoso contra Guatemala en Buenos Aires"},"content":{"rendered":"\n<p><strong>Despu\u00e9s de que se cancelara el partido frente a Espa\u00f1a, la Albiceleste arregl\u00f3 disputar el 31 de marzo un encuentro que servir\u00e1 como despedida previo al Mundial. Con el Monumental imposibilitado por los recitales de AC\/DC, este mi\u00e9rcoles se anunciar\u00e1 el estadio<\/strong><\/p>\n\n\n\n<p><strong>La Selecci\u00f3n Argentina&nbsp;jugar\u00e1 un partido amistoso frente a Guatemala, el 31 de marzo en Buenos Aires. Luego de la suspensi\u00f3n de la Finalissima ante Espa\u00f1a y tambi\u00e9n del encuentro preparatorio contra Qatar -ambos debido a la guerra en Medio Oriente- se acord\u00f3 un compromiso que servir\u00e1 como despedida para el combinado que dirige Lionel Scaloni previo al Mundial.<\/strong><\/p>\n\n\n\n<figure class=\"wp-block-image size-large is-resized\"><img loading=\"lazy\" decoding=\"async\" width=\"600\" height=\"126\" src=\"http:\/\/primiciasclorinda.com\/wp-content\/uploads\/2026\/03\/ausp-hipergasdeconfianza-5-1-600x126.jpg\" alt=\"\" class=\"wp-image-112519\" style=\"width:840px;height:auto\" srcset=\"https:\/\/primiciasclorinda.com\/wp-content\/uploads\/2026\/03\/ausp-hipergasdeconfianza-5-1-600x126.jpg 600w, https:\/\/primiciasclorinda.com\/wp-content\/uploads\/2026\/03\/ausp-hipergasdeconfianza-5-1-300x63.jpg 300w, https:\/\/primiciasclorinda.com\/wp-content\/uploads\/2026\/03\/ausp-hipergasdeconfianza-5-1-768x162.jpg 768w, https:\/\/primiciasclorinda.com\/wp-content\/uploads\/2026\/03\/ausp-hipergasdeconfianza-5-1.jpg 950w\" sizes=\"auto, (max-width: 600px) 100vw, 600px\" \/><\/figure>\n\n\n\n<p><strong>Lo \u00fanico que resta definir es el estadio, debido a que&nbsp;el Monumental estar\u00e1 imposibilitado&nbsp;por los recitales que dar\u00e1 AC\/DC. La idea es que este mi\u00e9rcoles se anuncie la sede (se eval\u00faan dos alternativas) y&nbsp;muchos piensan en la Bombonera&nbsp;como c\u00e1bala, debido a que all\u00ed se jug\u00f3 el \u00faltimo choque de la Albiceleste antes de la \u00faltima Copa del Mundo.<\/strong><\/p>\n\n\n\n<p><strong>Cabe se\u00f1alar que la cancelaci\u00f3n del choque con Espa\u00f1a hizo que, por primera vez en la historia,&nbsp;la&nbsp;<em>Albiceleste&nbsp;<\/em>llegue a un Mundial sin haber enfrentado a un pa\u00eds europeo en el ciclo mundialista&nbsp;de cuatro a\u00f1os.<\/strong><\/p>\n\n\n\n<p><strong>Antes del Mundial de Qatar 2022, la Albiceleste se hab\u00eda cruzado con&nbsp;Alemania&nbsp;(empate por 2-2 en un amistoso en 2019),&nbsp;Italia&nbsp;(triunfo por 3-0 en la Finalissima 2022) y&nbsp;Estonia&nbsp;(goleada por 5-0 en 2022). El ciclo con mayor cantidad de enfrentamientos ante los europeos fue en la previa del Mundial de Espa\u00f1a 1982. El seleccionado que dirig\u00eda C\u00e9sar Luis Menotti disput\u00f3 22 partidos frente a seleccionados del Viejo Continente.<\/strong><\/p>\n\n\n<figure class=\"wp-block-post-featured-image\"><img loading=\"lazy\" decoding=\"async\" width=\"950\" height=\"600\" src=\"https:\/\/primiciasclorinda.com\/wp-content\/uploads\/2026\/03\/selecciondespedida-4.jpg\" class=\"attachment-post-thumbnail size-post-thumbnail wp-post-image\" alt=\"\" style=\"object-fit:cover;\" srcset=\"https:\/\/primiciasclorinda.com\/wp-content\/uploads\/2026\/03\/selecciondespedida-4.jpg 950w, https:\/\/primiciasclorinda.com\/wp-content\/uploads\/2026\/03\/selecciondespedida-4-300x189.jpg 300w, https:\/\/primiciasclorinda.com\/wp-content\/uploads\/2026\/03\/selecciondespedida-4-475x300.jpg 475w, https:\/\/primiciasclorinda.com\/wp-content\/uploads\/2026\/03\/selecciondespedida-4-768x485.jpg 768w\" sizes=\"auto, (max-width: 950px) 100vw, 950px\" \/><\/figure>","protected":false},"excerpt":{"rendered":"<div class=\"mh-excerpt\"><p>Despu\u00e9s de que se cancelara el partido frente a Espa\u00f1a, la Albiceleste arregl\u00f3 disputar el 31 de marzo un encuentro que servir\u00e1 como despedida previo <a class=\"mh-excerpt-more\" href=\"https:\/\/primiciasclorinda.com\/?p=114649\" title=\"Tras la suspensi\u00f3n de la Finalissima, la Selecci\u00f3n Argentina jugar\u00e1 un amistoso contra Guatemala en Buenos Aires\">[&#8230;]<\/a><\/p>\n<\/div>","protected":false},"author":3,"featured_media":114643,"comment_status":"open","ping_status":"open","sticky":false,"template":"","format":"standard","meta":{"footnotes":""},"categories":[5],"tags":[6737,6736,377],"class_list":["post-114649","post","type-post","status-publish","format-standard","has-post-thumbnail","hentry","category-deportes","tag-amistoso-en-bs-as","tag-finalissima-suspendida","tag-seleccion-argentina"],"_links":{"self":[{"href":"https:\/\/primiciasclorinda.com\/index.php?rest_route=\/wp\/v2\/posts\/114649","targetHints":{"allow":["GET"]}}],"collection":[{"href":"https:\/\/primiciasclorinda.com\/index.php?rest_route=\/wp\/v2\/posts"}],"about":[{"href":"https:\/\/primiciasclorinda.com\/index.php?rest_route=\/wp\/v2\/types\/post"}],"author":[{"embeddable":true,"href":"https:\/\/primiciasclorinda.com\/index.php?rest_route=\/wp\/v2\/users\/3"}],"replies":[{"embeddable":true,"href":"https:\/\/primiciasclorinda.com\/index.php?rest_route=%2Fwp%2Fv2%2Fcomments&post=114649"}],"version-history":[{"count":1,"href":"https:\/\/primiciasclorinda.com\/index.php?rest_route=\/wp\/v2\/posts\/114649\/revisions"}],"predecessor-version":[{"id":114650,"href":"https:\/\/primiciasclorinda.com\/index.php?rest_route=\/wp\/v2\/posts\/114649\/revisions\/114650"}],"wp:featuredmedia":[{"embeddable":true,"href":"https:\/\/primiciasclorinda.com\/index.php?rest_route=\/wp\/v2\/media\/114643"}],"wp:attachment":[{"href":"https:\/\/primiciasclorinda.com\/index.php?rest_route=%2Fwp%2Fv2%2Fmedia&parent=114649"}],"wp:term":[{"taxonomy":"category","embeddable":true,"href":"https:\/\/primiciasclorinda.com\/index.php?rest_route=%2Fwp%2Fv2%2Fcategories&post=114649"},{"taxonomy":"post_tag","embeddable":true,"href":"https:\/\/primiciasclorinda.com\/index.php?rest_route=%2Fwp%2Fv2%2Ftags&post=114649"}],"curies":[{"name":"wp","href":"https:\/\/api.w.org\/{rel}","templated":true}]}}