{"id":112531,"date":"2026-03-14T09:16:24","date_gmt":"2026-03-14T12:16:24","guid":{"rendered":"https:\/\/primiciasclorinda.com\/?p=112531"},"modified":"2026-03-14T09:16:25","modified_gmt":"2026-03-14T12:16:25","slug":"clorinda-familiares-de-un-joven-detenido-por-portar-arma-de-guerra-se-manifestaron-para-pedir-su-libertad","status":"publish","type":"post","link":"https:\/\/primiciasclorinda.com\/?p=112531","title":{"rendered":"Clorinda. Familiares de un joven detenido, por portar arma de guerra, se manifestaron para pedir su libertad."},"content":{"rendered":"\n<p>FAMILIARES DE UN JOVEN DETENIDO SE MANIFESTARON PARA PEDIR SU LIBERTAD<\/p>\n\n\n\n<p>Familiares y allegados de un joven de 23 a\u00f1os detenido por portaci\u00f3n ilegal de arma de guerra, se manifestaron durante la ma\u00f1ana de este viernes para reclamar su libertad y seguir sometido a la causa en esa condici\u00f3n.<\/p>\n\n\n\n<p>El joven fue sorprendido en una requisa policial en fecha 18 de febrero pasado, donde los efectivos hallaron un revolver calibre 38 en la guantera del veh\u00edculo que manejaba, trat\u00e1ndose para la Justicia de una \u00abInfracci\u00f3n Art 189 Bis (C\u00f3digo Penal), tenencia de arma de guerra\u201d.<\/p>\n\n\n\n<figure class=\"wp-block-image size-large is-resized\"><img loading=\"lazy\" decoding=\"async\" width=\"600\" height=\"126\" src=\"http:\/\/primiciasclorinda.com\/wp-content\/uploads\/2026\/03\/ausp-hipergasdeconfianza-5-1-600x126.jpg\" alt=\"\" class=\"wp-image-112519\" style=\"width:839px;height:auto\" srcset=\"https:\/\/primiciasclorinda.com\/wp-content\/uploads\/2026\/03\/ausp-hipergasdeconfianza-5-1-600x126.jpg 600w, https:\/\/primiciasclorinda.com\/wp-content\/uploads\/2026\/03\/ausp-hipergasdeconfianza-5-1-300x63.jpg 300w, https:\/\/primiciasclorinda.com\/wp-content\/uploads\/2026\/03\/ausp-hipergasdeconfianza-5-1-768x162.jpg 768w, https:\/\/primiciasclorinda.com\/wp-content\/uploads\/2026\/03\/ausp-hipergasdeconfianza-5-1.jpg 950w\" sizes=\"auto, (max-width: 600px) 100vw, 600px\" \/><\/figure>\n\n\n\n<p>El procedimiento se hab\u00eda realizado sobre la ruta nacional 11, km 1286, durante un operativo de control. Las actuaciones judiciales fueron iniciadas por el Juzgado de Instrucci\u00f3n y Correccional Nro. 2, de la Segunda Circunscripci\u00f3n de Clorinda.<\/p>\n\n\n<figure class=\"wp-block-post-featured-image\"><img loading=\"lazy\" decoding=\"async\" width=\"950\" height=\"600\" src=\"https:\/\/primiciasclorinda.com\/wp-content\/uploads\/2026\/03\/maniestacionclorinda-6.jpg\" class=\"attachment-post-thumbnail size-post-thumbnail wp-post-image\" alt=\"\" style=\"object-fit:cover;\" srcset=\"https:\/\/primiciasclorinda.com\/wp-content\/uploads\/2026\/03\/maniestacionclorinda-6.jpg 950w, https:\/\/primiciasclorinda.com\/wp-content\/uploads\/2026\/03\/maniestacionclorinda-6-300x189.jpg 300w, https:\/\/primiciasclorinda.com\/wp-content\/uploads\/2026\/03\/maniestacionclorinda-6-475x300.jpg 475w, https:\/\/primiciasclorinda.com\/wp-content\/uploads\/2026\/03\/maniestacionclorinda-6-768x485.jpg 768w\" sizes=\"auto, (max-width: 950px) 100vw, 950px\" \/><\/figure>","protected":false},"excerpt":{"rendered":"<div class=\"mh-excerpt\"><p>FAMILIARES DE UN JOVEN DETENIDO SE MANIFESTARON PARA PEDIR SU LIBERTAD Familiares y allegados de un joven de 23 a\u00f1os detenido por portaci\u00f3n ilegal de <a class=\"mh-excerpt-more\" href=\"https:\/\/primiciasclorinda.com\/?p=112531\" title=\"Clorinda. Familiares de un joven detenido, por portar arma de guerra, se manifestaron para pedir su libertad.\">[&#8230;]<\/a><\/p>\n<\/div>","protected":false},"author":3,"featured_media":112502,"comment_status":"open","ping_status":"open","sticky":false,"template":"","format":"standard","meta":{"footnotes":""},"categories":[5431,10],"tags":[6706,26,6705,6704],"class_list":["post-112531","post","type-post","status-publish","format-standard","has-post-thumbnail","hentry","category-clorinda","category-policiales","tag-arma-de-fuego","tag-clorinda","tag-familiares-reclaman","tag-joven-detenido"],"_links":{"self":[{"href":"https:\/\/primiciasclorinda.com\/index.php?rest_route=\/wp\/v2\/posts\/112531","targetHints":{"allow":["GET"]}}],"collection":[{"href":"https:\/\/primiciasclorinda.com\/index.php?rest_route=\/wp\/v2\/posts"}],"about":[{"href":"https:\/\/primiciasclorinda.com\/index.php?rest_route=\/wp\/v2\/types\/post"}],"author":[{"embeddable":true,"href":"https:\/\/primiciasclorinda.com\/index.php?rest_route=\/wp\/v2\/users\/3"}],"replies":[{"embeddable":true,"href":"https:\/\/primiciasclorinda.com\/index.php?rest_route=%2Fwp%2Fv2%2Fcomments&post=112531"}],"version-history":[{"count":1,"href":"https:\/\/primiciasclorinda.com\/index.php?rest_route=\/wp\/v2\/posts\/112531\/revisions"}],"predecessor-version":[{"id":112532,"href":"https:\/\/primiciasclorinda.com\/index.php?rest_route=\/wp\/v2\/posts\/112531\/revisions\/112532"}],"wp:featuredmedia":[{"embeddable":true,"href":"https:\/\/primiciasclorinda.com\/index.php?rest_route=\/wp\/v2\/media\/112502"}],"wp:attachment":[{"href":"https:\/\/primiciasclorinda.com\/index.php?rest_route=%2Fwp%2Fv2%2Fmedia&parent=112531"}],"wp:term":[{"taxonomy":"category","embeddable":true,"href":"https:\/\/primiciasclorinda.com\/index.php?rest_route=%2Fwp%2Fv2%2Fcategories&post=112531"},{"taxonomy":"post_tag","embeddable":true,"href":"https:\/\/primiciasclorinda.com\/index.php?rest_route=%2Fwp%2Fv2%2Ftags&post=112531"}],"curies":[{"name":"wp","href":"https:\/\/api.w.org\/{rel}","templated":true}]}}