{"id":112518,"date":"2026-03-14T08:57:00","date_gmt":"2026-03-14T11:57:00","guid":{"rendered":"https:\/\/primiciasclorinda.com\/?p=112518"},"modified":"2026-03-14T08:57:02","modified_gmt":"2026-03-14T11:57:02","slug":"la-alegria-y-la-melancolia-gilberto-gil-se-presento-en-el-movistar-arena","status":"publish","type":"post","link":"https:\/\/primiciasclorinda.com\/?p=112518","title":{"rendered":"La alegr\u00eda y la melancol\u00eda. Gilberto Gil Se present\u00f3 en el Movistar Arena."},"content":{"rendered":"\n<p><strong>El legendario m\u00fasico brasile\u00f1o logr\u00f3 un adecuado recorrido de una carrera inabarcable, en una noche tan disfrutable como dolorosa: ya no se lo ver\u00e1 en el escenario.<\/strong><\/p>\n\n\n\n<p><strong>Contradiciendo al sempiterno bossa nova \u201cA felicidade\u201d, \u201cTristeza n\u00e3o tem fim\u201d. Y es que&nbsp;Gilberto Gil&nbsp;se despidi\u00f3 de los escenarios argentinos,&nbsp;como parte de la serie de recitales con le dice \u201cadeus\u201d a las giras. A ver si se entiende mejor: a&nbsp;uno de los m\u00e1s notables m\u00fasicos brasile\u00f1os de todos los tiempos&nbsp;nunca m\u00e1s se le volver\u00e1 a ver por ac\u00e1 con su guitarra, ni sambeando, ni desenfundado su arsenal de cl\u00e1sicos, tal cual sucedi\u00f3&nbsp;en la noche del mi\u00e9rcoles en el Movistar Arena.<\/strong><\/p>\n\n\n\n<p><strong>Por m\u00e1s que fueron&nbsp;dos horas y cuarenta minutos de alegr\u00eda,&nbsp;ese p\u00fablico desaforado asisti\u00f3 b\u00e1sicamente a un acto de&nbsp;inmolaci\u00f3n&nbsp;en directo. Aunque corp\u00f3reamente el baiano sigue pululando en el mundo de los vivos, se trata de una p\u00e9rdida a la par de la muerte del salsero&nbsp;<a href=\"https:\/\/www.pagina12.com.ar\/2026\/02\/22\/adios-a-willie-colon-revolucionario-de-la-salsa\/\">Willie Col\u00f3n<\/a>,&nbsp;cuyo funeral se hizo sentir el martes a punta de tromb\u00f3n.<\/strong><\/p>\n\n\n\n<figure class=\"wp-block-image size-large is-resized\"><img loading=\"lazy\" decoding=\"async\" width=\"600\" height=\"126\" src=\"https:\/\/primiciasclorinda.com\/wp-content\/uploads\/2026\/03\/ausp-hipergasdeconfianza-5-1-600x126.jpg\" alt=\"\" class=\"wp-image-112519\" style=\"width:840px;height:auto\" srcset=\"https:\/\/primiciasclorinda.com\/wp-content\/uploads\/2026\/03\/ausp-hipergasdeconfianza-5-1-600x126.jpg 600w, https:\/\/primiciasclorinda.com\/wp-content\/uploads\/2026\/03\/ausp-hipergasdeconfianza-5-1-300x63.jpg 300w, https:\/\/primiciasclorinda.com\/wp-content\/uploads\/2026\/03\/ausp-hipergasdeconfianza-5-1-768x162.jpg 768w, https:\/\/primiciasclorinda.com\/wp-content\/uploads\/2026\/03\/ausp-hipergasdeconfianza-5-1.jpg 950w\" sizes=\"auto, (max-width: 600px) 100vw, 600px\" \/><\/figure>\n\n\n\n<p><strong>La m\u00fasica popular latinoamericana se est\u00e1 quedando&nbsp;sin sus h\u00e9roes.&nbsp;Esos que supieron hilvanar nuevos estilos, sin retar a la tradici\u00f3n, y que consiguieron con una habilidad a\u00fan vanguardista contar historias que versan acerca de la&nbsp;contemporaneidad. Renovando no s\u00f3lo una est\u00e9tica, sino tambi\u00e9n el discurso, bien af\u00edn a esa idea de la \u201craza c\u00f3smica\u201d sobre la que fantase\u00f3 Vasconcelos. Configurando de esta manera la gran banda de sonido del pundonor y del orgullo idiosincr\u00e1tico;&nbsp;resistiendo al imperialismo, a los cipayos y a los gobiernos totalitarios que osaron inhibir el clamor popular.&nbsp;Y de eso puede dar constancia&nbsp;Rub\u00e9n Blades, otro de los que se despide este a\u00f1o de los tablados. Nuestros John Lennon, nuestros Fela Kuti y nuestros Bob Marley est\u00e1n en&nbsp;extinci\u00f3n.<\/strong><\/p>\n\n\n\n<p><strong>Si bien es un trabajo complejo sintetizar&nbsp;60 a\u00f1os de trayectoria,&nbsp;en el formato que sea, Gil logr\u00f3 con la maestr\u00eda que lo distingue, carente de soberbia y solemnidad,&nbsp;registrar una radiograf\u00eda de su obra.&nbsp;Apel\u00f3 por las canciones de siempre, por supuesto, pero las organiz\u00f3 de forma que fueran esta vez un canal para evidenciar sus intenciones musicales y reflexiones art\u00edsticas. Al igual que sus influencias, sus camarader\u00edas, sus amores y los contextos en los que se produjeron las creaciones. Un relato bien planificado, legado con dejo a testamento. Apoyado por una puesta escenogr\u00e1fica y en especial visual (a cargo de la realizadora Daniela Thomas) que, contraria a la estupidez nost\u00e1lgica que atraviesa a estos acontecimientos memorab\u00edlicos, reforz\u00f3 su&nbsp;dial\u00e9ctica con la modernidad.<\/strong><\/p>\n\n\n\n<p><strong>La leyenda de&nbsp;83 a\u00f1os&nbsp;cont\u00f3 adem\u00e1s con la complicidad de una banda tan numerosa (alrededor de&nbsp;15 m\u00fasicos&nbsp;sonando en simult\u00e1neo) como impecable, en la que destacaron&nbsp;varios integrantes de su familia.&nbsp;Comenzando por su hijo Bem en guitarra, bajo y direcci\u00f3n musical; a los que le secundaron su hija Nara y su nuera Mari\u00e1 Pinkusfeld en coros, su hijo Jos\u00e9 en bater\u00eda; y su \u201cprimer nieto\u201d, Jo\u00e3o, en la guitarra.<\/strong><\/p>\n\n\n\n<p><strong><em>Tempo rei<\/em>&nbsp;es el t\u00edtulo de este tour, tomado del tema hom\u00f3nimo de 1984 (\u201cTransforma las viejas formas de vivir\u201d,&nbsp;versa uno de sus pasajes), que originalmente deb\u00eda consumarse en octubre de 2025 (su anterior recital en Buenos Aires fue en 2018, en el&nbsp;Teatro Col\u00f3n). Pero por un tema de agenda tuvo que ser reprogramado.<\/strong><\/p>\n\n\n\n<p><strong>La canci\u00f3n conmemorativa tambi\u00e9n fue parte del repertorio, integrando un inicio sutil que arranc\u00f3 con los funks amigables \u201cPalco\u201d y \u201cBanda Um\u201d. Entonces salud\u00f3 en espa\u00f1ol a la audiencia, y mech\u00f3 esa elocuencia con un trocito de \u201cAqui e agora\u201d (\u201cEl mejor lugar del mundo es aqu\u00ed y ahora\u201d). Para luego mixturarla con una reinvenci\u00f3n m\u00e1s festiva del cl\u00e1sico del forr\u00f3 \u201cEu s\u00f3 quero um xod\u00f3\u201d, de la autor\u00eda de&nbsp;Dominguinho&nbsp;(con presencia suya en la pantalla), y en la que despunt\u00f3 la labor del acordeonista Mestrinho. Hicieron la samba \u201cEu vim da Bahia\u201d, y, a continuaci\u00f3n, rescat\u00f3 uno de sus rock en tiempos del auge de la&nbsp;Tropic\u00e1lia, \u201cProciss\u00e3o\u201d, de su segundo \u00e1lbum en solitario, titulado igual que \u00e9l (data de 1968). Mucho m\u00e1s adelante desenvain\u00f3 otro rock, aunque de 1981: \u201cA gente precisa ver o lunar\u201d.<\/strong><\/p>\n\n\n\n<p><strong>\u201cDomingo no parque\u201d, MPB orquestado part\u00edcipe de ese segundo disco en cuya tapa Gil luce vestido al estilo de Pedro I, con protagonismo esta vez de su terna femenina de cuerdas, dio pie a otra de las apropiaciones de la noche: \u201cC\u00e1lice\u201d. Aunque previamente hubo palabras de su autor,&nbsp;Chico Buarque,&nbsp;evocando cuando se conocieron, en plena renuencia contra la dictadura, y revelando la capacidad de su colega de no perder la calma. De&nbsp;los momentos m\u00e1s sublimes del show, al poner a dialogar, fiel a la imaginer\u00eda de Heitor Villa-Lobos, a la m\u00fasica de corte cl\u00e1sico con la percusi\u00f3n afro. Lo que decant\u00f3 en ovaci\u00f3n. Situaci\u00f3n perfecta para&nbsp;desconcertar&nbsp;con \u201cBack in Bahia\u201d, funk bien rockero compuesto con Caetano, en 1972, para celebrar su vuelta del exilio en Londres.<\/strong><\/p>\n\n\n\n<p><strong>Despu\u00e9s el m\u00fasico brasile\u00f1o se dedic\u00f3 un rato a evocar su admiraci\u00f3n (y traducci\u00f3n) del&nbsp;acervo sonoro jamaicano.&nbsp;Previo a eso, mand\u00f3 al frente a dos de los MPB m\u00e1s lindos que existen: \u201cRefazenda\u201d y \u201cRefavela\u201d. Y un poco m\u00e1s adelante hizo su relectura de \u201cNo Woman No Cry\u201d (\u00e9l la llam\u00f3 \u201cN\u00e3o chore mais\u201d). Se meti\u00f3 con el reggae m\u00e1s blanco en \u201cExtra\u201d, y se puso en la piel de Marley en tiempos de&nbsp;The Wailers&nbsp;por intermedio de \u201cVamos fugir\u201d. Cerrando el segmento con quiz\u00e1 su mejor acercamiento a Kingston,&nbsp;\u201cA novidade\u201d, tramada en complicidad con el grupo Paralamas.&nbsp;Y vir\u00f3 el volante hacia el funk \u201cRealce\u201d. En ese tramo record\u00f3 cuando abander\u00f3 a Brasil en un festival en Nigeria, en el que estuvieron Stevie Wonder, Fela Kuti y una se\u00f1ora que justific\u00f3: \u201cRepresento informalmente a la Argentina\u201d.<\/strong><\/p>\n\n\n\n<p><strong>El m\u00fasico brasile\u00f1o qued\u00f3 solo con cuerdas y vientos en \u201cSe eu quiser falar com Deus\u201d y en una versi\u00f3n de \u201cDr\u00e3o\u201d que super\u00f3 por lejos a la original. No obstante, \u201cEstrela\u201d estuvo entre lo m\u00e1s agraciado del setlist, y seguidamente la multitud se sum\u00f3 para cantar \u201cEsot\u00e9rico\u201d. \u201cExpresso 2222\u201d sirvi\u00f3 para avisar que la performance estaba entrando en su&nbsp;recta final,&nbsp;lo que confirmaron el funk \u201cAndar com f\u00e9\u201d, la discotequera \u201cEmori\u00f4\u201d y en especial la samba (con sabor a world beat) \u201cAquele abra\u00e7o\u201d. Bajaron un cambio con el forr\u00f3 \u201cEsperando na janela\u201d, pero s\u00f3lo fue una distracci\u00f3n para procrastinar el desenlace.<\/strong><\/p>\n\n\n\n<p><strong>No pod\u00eda ser de otra manera que al mejor estilo del Carnaval, con papelitos, baile y amenizada por uno de los mejores samba reggae: \u201cToda menina baiana\u201d. Recordatorio de que&nbsp;esto no volver\u00e1 a pasar<\/strong><\/p>\n\n\n<figure class=\"wp-block-post-featured-image\"><img loading=\"lazy\" decoding=\"async\" width=\"950\" height=\"600\" src=\"https:\/\/primiciasclorinda.com\/wp-content\/uploads\/2026\/03\/gilbertoenarenas-1.jpg\" class=\"attachment-post-thumbnail size-post-thumbnail wp-post-image\" alt=\"\" style=\"object-fit:cover;\" srcset=\"https:\/\/primiciasclorinda.com\/wp-content\/uploads\/2026\/03\/gilbertoenarenas-1.jpg 950w, https:\/\/primiciasclorinda.com\/wp-content\/uploads\/2026\/03\/gilbertoenarenas-1-300x189.jpg 300w, https:\/\/primiciasclorinda.com\/wp-content\/uploads\/2026\/03\/gilbertoenarenas-1-475x300.jpg 475w, https:\/\/primiciasclorinda.com\/wp-content\/uploads\/2026\/03\/gilbertoenarenas-1-768x485.jpg 768w\" sizes=\"auto, (max-width: 950px) 100vw, 950px\" \/><\/figure>","protected":false},"excerpt":{"rendered":"<div class=\"mh-excerpt\"><p>El legendario m\u00fasico brasile\u00f1o logr\u00f3 un adecuado recorrido de una carrera inabarcable, en una noche tan disfrutable como dolorosa: ya no se lo ver\u00e1 en <a class=\"mh-excerpt-more\" href=\"https:\/\/primiciasclorinda.com\/?p=112518\" title=\"La alegr\u00eda y la melancol\u00eda. Gilberto Gil Se present\u00f3 en el Movistar Arena.\">[&#8230;]<\/a><\/p>\n<\/div>","protected":false},"author":3,"featured_media":112508,"comment_status":"open","ping_status":"open","sticky":false,"template":"","format":"standard","meta":{"footnotes":""},"categories":[7],"tags":[579,6693,6692],"class_list":["post-112518","post","type-post","status-publish","format-standard","has-post-thumbnail","hentry","category-espectaculos","tag-buenos-aires","tag-despedida","tag-gilberto-gil"],"_links":{"self":[{"href":"https:\/\/primiciasclorinda.com\/index.php?rest_route=\/wp\/v2\/posts\/112518","targetHints":{"allow":["GET"]}}],"collection":[{"href":"https:\/\/primiciasclorinda.com\/index.php?rest_route=\/wp\/v2\/posts"}],"about":[{"href":"https:\/\/primiciasclorinda.com\/index.php?rest_route=\/wp\/v2\/types\/post"}],"author":[{"embeddable":true,"href":"https:\/\/primiciasclorinda.com\/index.php?rest_route=\/wp\/v2\/users\/3"}],"replies":[{"embeddable":true,"href":"https:\/\/primiciasclorinda.com\/index.php?rest_route=%2Fwp%2Fv2%2Fcomments&post=112518"}],"version-history":[{"count":1,"href":"https:\/\/primiciasclorinda.com\/index.php?rest_route=\/wp\/v2\/posts\/112518\/revisions"}],"predecessor-version":[{"id":112520,"href":"https:\/\/primiciasclorinda.com\/index.php?rest_route=\/wp\/v2\/posts\/112518\/revisions\/112520"}],"wp:featuredmedia":[{"embeddable":true,"href":"https:\/\/primiciasclorinda.com\/index.php?rest_route=\/wp\/v2\/media\/112508"}],"wp:attachment":[{"href":"https:\/\/primiciasclorinda.com\/index.php?rest_route=%2Fwp%2Fv2%2Fmedia&parent=112518"}],"wp:term":[{"taxonomy":"category","embeddable":true,"href":"https:\/\/primiciasclorinda.com\/index.php?rest_route=%2Fwp%2Fv2%2Fcategories&post=112518"},{"taxonomy":"post_tag","embeddable":true,"href":"https:\/\/primiciasclorinda.com\/index.php?rest_route=%2Fwp%2Fv2%2Ftags&post=112518"}],"curies":[{"name":"wp","href":"https:\/\/api.w.org\/{rel}","templated":true}]}}