{"id":111451,"date":"2026-03-12T08:28:18","date_gmt":"2026-03-12T11:28:18","guid":{"rendered":"https:\/\/primiciasclorinda.com\/?p=111451"},"modified":"2026-03-12T08:28:18","modified_gmt":"2026-03-12T11:28:18","slug":"cepo-cambiario-el-gobierno-confirmo-que-no-evalua-cambios-en-lo-inmediato-y-explico-por-que-mantiene-las-restricciones","status":"publish","type":"post","link":"https:\/\/primiciasclorinda.com\/?p=111451","title":{"rendered":"Cepo cambiario: el Gobierno confirm\u00f3 que no eval\u00faa cambios en lo inmediato y explic\u00f3 por qu\u00e9 mantiene las restricciones"},"content":{"rendered":"\n<p><strong>En el marco del Argentina Week, el titular del BCRA, Santiago Bausili, detall\u00f3 los motivos por los que se sostienen algunas regulaciones y evit\u00f3 dar precisiones sobre cu\u00e1ndo se eliminar\u00e1n<\/strong><\/p>\n\n\n\n<p><strong>En el marco del&nbsp;<a href=\"https:\/\/www.infobae.com\/economia\/2026\/03\/11\/vaca-muerta-protagonista-excluyente-del-argentina-week-la-vision-de-los-empresarios-detras-de-la-locomotora-de-la-economia-local\/\" target=\"_blank\" rel=\"noreferrer noopener\"><em>Argentina Week<\/em><\/a>&nbsp;en Estados Unidos, el presidente del Banco Central de la Rep\u00fablica Argentina (BCRA),&nbsp;Santiago Bausili,&nbsp;descart\u00f3 modificaciones en el cepo cambiario&nbsp;vigente en el corto plazo y explic\u00f3 por qu\u00e9 el Gobierno decidi\u00f3 mantener algunas restricciones a la libre circulaci\u00f3n de capitales.<\/strong><\/p>\n\n\n\n<p><strong>La explicaci\u00f3n oficial se dio en un panel en Nueva York durante la segunda jornada del evento que busca potenciar las inversiones hacia el pa\u00eds. Adem\u00e1s, de Bausili, particip\u00f3 el ministro de Econom\u00eda,&nbsp;Luis Caputo. La actividad cont\u00f3 con la moderaci\u00f3n de Facundo G\u00f3mez Minuj\u00edn, CEO de JPMorgan para Argentina, Uruguay, Bolivia y Paraguay, y Claudio Irigoyen, responsable de Econom\u00eda Global en Bank of America.<\/strong><\/p>\n\n\n\n<figure class=\"wp-block-image size-large is-resized\"><img loading=\"lazy\" decoding=\"async\" width=\"600\" height=\"126\" src=\"http:\/\/primiciasclorinda.com\/wp-content\/uploads\/2026\/03\/ausp-hipergasdeconfianza-5-600x126.jpg\" alt=\"\" class=\"wp-image-108529\" style=\"width:840px;height:auto\" srcset=\"https:\/\/primiciasclorinda.com\/wp-content\/uploads\/2026\/03\/ausp-hipergasdeconfianza-5-600x126.jpg 600w, https:\/\/primiciasclorinda.com\/wp-content\/uploads\/2026\/03\/ausp-hipergasdeconfianza-5-300x63.jpg 300w, https:\/\/primiciasclorinda.com\/wp-content\/uploads\/2026\/03\/ausp-hipergasdeconfianza-5-768x162.jpg 768w, https:\/\/primiciasclorinda.com\/wp-content\/uploads\/2026\/03\/ausp-hipergasdeconfianza-5.jpg 950w\" sizes=\"auto, (max-width: 600px) 100vw, 600px\" \/><\/figure>\n\n\n\n<p><strong>\u201cCreemos fuertemente en el libre mercado. Creemos que el mejor mecanismo para asignar recursos a una econom\u00eda es a trav\u00e9s de un sistema de libre mercado, donde los precios mantienen y representan el 100% de la informaci\u00f3n disponible para tomar decisiones financieras\u201d, comenz\u00f3 diciendo el titular de la autoridad monetaria.<\/strong><\/p>\n\n\n\n<p><strong>Desde la llegada de Javier Milei a la Casa Rosada, las pol\u00edticas econ\u00f3micas oficiales tendieron a aflojar el cepo cambiario. A mediados de abril de 2025, la administraci\u00f3n libertaria&nbsp;liber\u00f3 los controles que operaban sobre las personas f\u00edsicas, aunque todav\u00eda pesan otros sobre empresas e inversores.<\/strong><\/p>\n\n\n\n<p><strong>En ese contexto, Bausili aclar\u00f3 que ante los \u201cdesequilibrios heredados\u201d de la gesti\u00f3n de Alberto Fern\u00e1ndez, \u201clos precios pueden generar un incentivo que no es el mejor para la econom\u00eda\u201d. \u201cPor ejemplo, los precios pueden generar un incentivo para desestabilizar, para atacar a la moneda. Si ves un banco central fr\u00e1gil para defender una moneda, la atacas y ganas dinero. As\u00ed que el mecanismo de incentivos es ganar dinero siempre y cuando identificas una fragilidad o un desequilibrio, vas por \u00e9l\u201d, grafic\u00f3.<\/strong><\/p>\n\n\n\n<p><strong>Acto seguido, el funcionario remarc\u00f3 que es en ese contexto que el Gobierno decidi\u00f3&nbsp;mantener \u201cciertos mecanismos de defensa\u201d&nbsp;para \u201cprotegernos de eso porque creemos en el sistema de precios y en las fuerzas del mercado, e identificamos que existen incentivos para que esas fuerzas puedan atacar al sistema\u201d.<\/strong><\/p>\n\n\n\n<p><strong>Si bien el disertante evit\u00f3 dar precisiones sobre cu\u00e1ndo remover\u00edan las regulaciones que a\u00fan contin\u00faan vigentes, asegur\u00f3 que&nbsp;profundizar\u00e1n la desregulaci\u00f3n al ritmo de la mejora del balance general del Banco Central.<\/strong><\/p>\n\n\n\n<p><strong>\u201cA medida que pudimos eliminar algunos de esos desequilibrios, pudimos levantar y eliminar algunas de las restricciones cambiarias. Y eso&nbsp;continuar\u00e1 siendo nuestra postura en el futuro. A medida que continuamos avanzando y a medida que continuamos mejorando la calidad del balance general del BCRA y reduciendo estas vulnerabilidades, continuaremos avanzando y eliminando los controles administrativos\u201d, explic\u00f3<\/strong><\/p>\n\n\n\n<p><strong>Al mismo tiempo, el presidente del Central identific\u00f3 dos restricciones principales que contin\u00faan vigentes en el mercado cambiario del pa\u00eds. La primera se refiere a las&nbsp;limitaciones de los inversores no residentes, especialmente los financieros, de retirar sus fondos de Argentina.<\/strong><\/p>\n\n\n\n<p><strong>Actualmente, mencion\u00f3&nbsp;Santiago Bausili, las multinacionales cuentan con la&nbsp;posibilidad de girar dividendos sobre ingresos netos, y los inversores financieros ya han logrado mecanismos para repatriar su capital, por lo que consider\u00f3 que esta medida funciona m\u00e1s como un freno al ingreso de capitales especulativos que como un obst\u00e1culo a la salida de fondos.<\/strong><\/p>\n\n\n\n<p><strong>A su juicio, la segunda regulaci\u00f3n de relevancia afecta a las empresas que operan en el mercado cambiario oficial, ya que&nbsp;deben administrar su capital de trabajo en d\u00f3lares&nbsp;conforme a los controles vigentes.<\/strong><\/p>\n\n\n\n<p><strong>Cabe destacar que en la previa de las elecciones legislativas, el Banco Central reinstaur\u00f3 la&nbsp;restricci\u00f3n cruzada&nbsp;para limitar maniobras de arbitraje que generaban beneficios. Ante el incremento de la brecha entre el d\u00f3lar oficial y las cotizaciones financieras (MEP y CCL en el exterior), se estableci\u00f3 que quienes compran oficial no pueden operar en los mercados financieros por un plazo de 90 d\u00edas. La disposici\u00f3n, que en un principio alcanz\u00f3 a directivos bancarios, luego se ampli\u00f3 a todas las personas f\u00edsicas.<\/strong><\/p>\n\n\n\n<p><strong>A prop\u00f3sito de las limitaciones que siguen pesando sobre el movimiento de capitales,&nbsp;Bausili reconoci\u00f3 que son \u201cengorrosas\u201d. \u201cEl resto, creemos que es engorroso. Es un sistema muy controlado pero no afecta la capacidad de las empresas a operar normalmente. No afecta la voluntad de la econom\u00eda a seguir girando\u201d, concluy\u00f3<\/strong><\/p>\n\n\n<figure class=\"wp-block-post-featured-image\"><img loading=\"lazy\" decoding=\"async\" width=\"950\" height=\"600\" src=\"https:\/\/primiciasclorinda.com\/wp-content\/uploads\/2026\/03\/sigueelcepo-1.jpg\" class=\"attachment-post-thumbnail size-post-thumbnail wp-post-image\" alt=\"\" style=\"object-fit:cover;\" srcset=\"https:\/\/primiciasclorinda.com\/wp-content\/uploads\/2026\/03\/sigueelcepo-1.jpg 950w, https:\/\/primiciasclorinda.com\/wp-content\/uploads\/2026\/03\/sigueelcepo-1-300x189.jpg 300w, https:\/\/primiciasclorinda.com\/wp-content\/uploads\/2026\/03\/sigueelcepo-1-475x300.jpg 475w, https:\/\/primiciasclorinda.com\/wp-content\/uploads\/2026\/03\/sigueelcepo-1-768x485.jpg 768w\" sizes=\"auto, (max-width: 950px) 100vw, 950px\" \/><\/figure>","protected":false},"excerpt":{"rendered":"<div class=\"mh-excerpt\"><p>En el marco del Argentina Week, el titular del BCRA, Santiago Bausili, detall\u00f3 los motivos por los que se sostienen algunas regulaciones y evit\u00f3 dar <a class=\"mh-excerpt-more\" href=\"https:\/\/primiciasclorinda.com\/?p=111451\" title=\"Cepo cambiario: el Gobierno confirm\u00f3 que no eval\u00faa cambios en lo inmediato y explic\u00f3 por qu\u00e9 mantiene las restricciones\">[&#8230;]<\/a><\/p>\n<\/div>","protected":false},"author":3,"featured_media":111446,"comment_status":"open","ping_status":"open","sticky":false,"template":"","format":"standard","meta":{"footnotes":""},"categories":[3],"tags":[173,2721,6662],"class_list":["post-111451","post","type-post","status-publish","format-standard","has-post-thumbnail","hentry","category-politica-economia","tag-argentina","tag-bcra","tag-cepo-cambiario"],"_links":{"self":[{"href":"https:\/\/primiciasclorinda.com\/index.php?rest_route=\/wp\/v2\/posts\/111451","targetHints":{"allow":["GET"]}}],"collection":[{"href":"https:\/\/primiciasclorinda.com\/index.php?rest_route=\/wp\/v2\/posts"}],"about":[{"href":"https:\/\/primiciasclorinda.com\/index.php?rest_route=\/wp\/v2\/types\/post"}],"author":[{"embeddable":true,"href":"https:\/\/primiciasclorinda.com\/index.php?rest_route=\/wp\/v2\/users\/3"}],"replies":[{"embeddable":true,"href":"https:\/\/primiciasclorinda.com\/index.php?rest_route=%2Fwp%2Fv2%2Fcomments&post=111451"}],"version-history":[{"count":1,"href":"https:\/\/primiciasclorinda.com\/index.php?rest_route=\/wp\/v2\/posts\/111451\/revisions"}],"predecessor-version":[{"id":111452,"href":"https:\/\/primiciasclorinda.com\/index.php?rest_route=\/wp\/v2\/posts\/111451\/revisions\/111452"}],"wp:featuredmedia":[{"embeddable":true,"href":"https:\/\/primiciasclorinda.com\/index.php?rest_route=\/wp\/v2\/media\/111446"}],"wp:attachment":[{"href":"https:\/\/primiciasclorinda.com\/index.php?rest_route=%2Fwp%2Fv2%2Fmedia&parent=111451"}],"wp:term":[{"taxonomy":"category","embeddable":true,"href":"https:\/\/primiciasclorinda.com\/index.php?rest_route=%2Fwp%2Fv2%2Fcategories&post=111451"},{"taxonomy":"post_tag","embeddable":true,"href":"https:\/\/primiciasclorinda.com\/index.php?rest_route=%2Fwp%2Fv2%2Ftags&post=111451"}],"curies":[{"name":"wp","href":"https:\/\/api.w.org\/{rel}","templated":true}]}}