{"id":111449,"date":"2026-03-12T08:26:01","date_gmt":"2026-03-12T11:26:01","guid":{"rendered":"https:\/\/primiciasclorinda.com\/?p=111449"},"modified":"2026-03-12T08:26:02","modified_gmt":"2026-03-12T11:26:02","slug":"con-10-frases-ubeda-justifico-el-empate-de-boca-juniors-con-san-lorenzo","status":"publish","type":"post","link":"https:\/\/primiciasclorinda.com\/?p=111449","title":{"rendered":"Con 10 frases \u00dabeda justific\u00f3 el empate de Boca Juniors con San Lorenzo."},"content":{"rendered":"\n<p><strong>Los silbidos, el dardo a San Lorenzo y por qu\u00e9 no hizo m\u00e1s cambios. El entrenador del Xeneize tambi\u00e9n explic\u00f3 qu\u00e9 le falt\u00f3 al equipo para poder ganar y revel\u00f3 la autocr\u00edtica en el vestuario<\/strong><\/p>\n\n\n\n<p><strong>Luego del empate en el&nbsp;<a href=\"https:\/\/www.infobae.com\/deportes\/2026\/03\/11\/boca-juniors-buscara-arrimarse-a-la-cima-en-el-clasico-ante-san-lorenzo-hora-tv-y-formaciones\/\" target=\"_blank\" rel=\"noreferrer noopener\"><em>cl\u00e1sico entre&nbsp;Boca Juniors&nbsp;1-1&nbsp;San Lorenzo<\/em><\/a>&nbsp;por la d\u00e9cima fecha del&nbsp;Torneo Apertura, el entrenador del elenco local,&nbsp;Claudio \u00dabeda, habl\u00f3 en la conferencia de prensa en la que analiz\u00f3 las alternativas del cl\u00e1sico y el rendimiento de su equipo a cargo.<\/strong><\/p>\n\n\n\n<p><strong>\u201cEs&nbsp;una sensaci\u00f3n fea irnos solo con un empate&nbsp;porque el equipo tuvo llegadas para poder ganar el partido, m\u00e1s en el primer tiempo que en el segundo. El equipo mostr\u00f3 posesi\u00f3n de la pelota en el campo rival, generando situaciones y no se pudo concretar, algo que si hubi\u00e9semos logrado se consegu\u00eda el resultado\u201d, reconoci\u00f3.<\/strong><\/p>\n\n\n\n<figure class=\"wp-block-image size-large is-resized\"><img loading=\"lazy\" decoding=\"async\" width=\"600\" height=\"126\" src=\"http:\/\/primiciasclorinda.com\/wp-content\/uploads\/2026\/03\/ausp-hipergasdeconfianza-5-600x126.jpg\" alt=\"\" class=\"wp-image-108529\" style=\"width:840px;height:auto\" srcset=\"https:\/\/primiciasclorinda.com\/wp-content\/uploads\/2026\/03\/ausp-hipergasdeconfianza-5-600x126.jpg 600w, https:\/\/primiciasclorinda.com\/wp-content\/uploads\/2026\/03\/ausp-hipergasdeconfianza-5-300x63.jpg 300w, https:\/\/primiciasclorinda.com\/wp-content\/uploads\/2026\/03\/ausp-hipergasdeconfianza-5-768x162.jpg 768w, https:\/\/primiciasclorinda.com\/wp-content\/uploads\/2026\/03\/ausp-hipergasdeconfianza-5.jpg 950w\" sizes=\"auto, (max-width: 600px) 100vw, 600px\" \/><\/figure>\n\n\n\n<p><strong>Aunque de inmediato, aclar\u00f3: \u201cS\u00e9 que&nbsp;el empate no sirve para nada&nbsp;en funci\u00f3n de lo que pas\u00f3 en el partido porque nos vamos con la sensaci\u00f3n de que deber\u00edamos haber ganado\u201d.<\/strong><\/p>\n\n\n\n<p><strong>Ante la consulta de por qu\u00e9 no hizo cambios, respondi\u00f3: \u201cVi que el equipo estaba jugando bien y sostuvo el ritmo de juego que propuso&nbsp;San Lorenzo. Generamos ocasiones que hubo en el arco rival. Por ese motivo no hice un cambio, salvo en los minutos finales cuando entr\u00f3 Iker (Zufiaurre)\u201d. Y sobre la decisi\u00f3n de sacar a Bareiro, expres\u00f3:&nbsp;\u201cVi que estaba bastante cansado Adam (Bareiro) y por ese motivo decid\u00ed hacer ese cambio\u201d.<\/strong><\/p>\n\n\n\n<p><strong>Claudio \u00dabeda tambi\u00e9n fue tajante a la hora de hablar del juego del rival:&nbsp;\u201cSab\u00edamos que San Lorenzo iba a generar fricciones y demoras en cada salida del arco. Nos taparon el lado izquierdo nuestro donde normalmente tuvimos m\u00e1s acciones ofensivas entre Aranda (Tom\u00e1s) y Lautaro Blanco. No hemos llegado a concretar las otras situaciones que hemos tenido\u201d.<\/strong><\/p>\n\n\n\n<p><strong>De los silbidos en el final declar\u00f3 que \u201ces l\u00f3gico\u00bb, aunque tambi\u00e9n tuvo autocr\u00edtica: \u201cEntendemos al hincha que no se va conforme. Quiere que el equipo juegue bien y gane. Eso es lo que nos est\u00e1 faltando. En el traj\u00edn del partido cuando \u00edbamos 1-0 nos lleg\u00f3 el gol del empate y eso es lo que nos golpe\u00f3\u201d.<\/strong><\/p>\n\n\n\n<p><strong>\u201cS\u00e9 la exigencia que impone el hincha de Boca y lo tengo s\u00faper claro.&nbsp;Lo primero que queremos es revertir la opini\u00f3n que el hincha de Boca tiene sobre nosotros. Hace unos 15 d\u00edas el equipo evidenci\u00f3 una evoluci\u00f3n que viene desde el partido en Copa Argentina\u201d, agreg\u00f3.<\/strong><\/p>\n\n\n\n<p><strong>M\u00c1S FRASES DE \u00daBEDA:<\/strong><\/p>\n\n\n\n<p><strong>\u00bfEl equipo no tiene hambre?: \u201cEste equipo mostr\u00f3 actitud y tiene ganas de ganar. Despu\u00e9s del partido todos entramos al vestuario con cara de enojados, de no haber conseguido el resultado positivo que quer\u00edamos. No tengo dudas de que quieren ganar partidos. Nos est\u00e1 faltando poder hacer el gol que nos diferencie en esta clase de partidos\u201d.<\/strong><\/p>\n\n\n\n<p><strong>Nervios: \u201cEstoy convencido de que ponerse la camiseta de Boca implica una gran responsabilidad y presi\u00f3n. No creo que los jugadores se vean sometidos a esa presi\u00f3n. El gol que nos hace San Lorenzo es por un error defensivo y a causa de ese gol empatamos\u201d.<\/strong><\/p>\n\n\n\n<p><strong>Qu\u00e9 falt\u00f3 para meter otro gol: \u201cEstamos convencidos de que nos falt\u00f3 el gol. Hay que trabajar m\u00e1s sobre la finalizaci\u00f3n. Evidenciamos una evoluci\u00f3n y tenemos que trasladarla al resultado. Eso es lo que nos incomoda\u201d.<\/strong><\/p>\n\n\n\n<p><strong>Boca Juniors&nbsp;alcanz\u00f3 el sexto puesto en la&nbsp;Zona A&nbsp;al sumar&nbsp;13 puntos&nbsp;tras el empate, quedando ahora a&nbsp;6 unidades de V\u00e9lez, el l\u00edder del grupo. La diferencia de goles ubica a&nbsp;San Lorenzo&nbsp;en la misma l\u00ednea de puntos, pero detr\u00e1s de&nbsp;Boca Juniors.<\/strong><\/p>\n\n\n\n<p><strong>En la pr\u00f3xima jornada, el equipo dirigido por&nbsp;\u00dabeda&nbsp;enfrentar\u00e1 como visitante a&nbsp;Uni\u00f3n de Santa Fe&nbsp;el domingo a las&nbsp;22:00, mientras que&nbsp;San Lorenzo&nbsp;ser\u00e1 local ante&nbsp;Defensa y Justicia&nbsp;el lunes desde las&nbsp;18:30.<\/strong><\/p>\n\n\n<figure class=\"wp-block-post-featured-image\"><img loading=\"lazy\" decoding=\"async\" width=\"950\" height=\"600\" src=\"https:\/\/primiciasclorinda.com\/wp-content\/uploads\/2026\/03\/empatebocasanlo-6.jpg\" class=\"attachment-post-thumbnail size-post-thumbnail wp-post-image\" alt=\"\" style=\"object-fit:cover;\" srcset=\"https:\/\/primiciasclorinda.com\/wp-content\/uploads\/2026\/03\/empatebocasanlo-6.jpg 950w, https:\/\/primiciasclorinda.com\/wp-content\/uploads\/2026\/03\/empatebocasanlo-6-300x189.jpg 300w, https:\/\/primiciasclorinda.com\/wp-content\/uploads\/2026\/03\/empatebocasanlo-6-475x300.jpg 475w, https:\/\/primiciasclorinda.com\/wp-content\/uploads\/2026\/03\/empatebocasanlo-6-768x485.jpg 768w\" sizes=\"auto, (max-width: 950px) 100vw, 950px\" \/><\/figure>","protected":false},"excerpt":{"rendered":"<div class=\"mh-excerpt\"><p>Los silbidos, el dardo a San Lorenzo y por qu\u00e9 no hizo m\u00e1s cambios. El entrenador del Xeneize tambi\u00e9n explic\u00f3 qu\u00e9 le falt\u00f3 al equipo <a class=\"mh-excerpt-more\" href=\"https:\/\/primiciasclorinda.com\/?p=111449\" title=\"Con 10 frases \u00dabeda justific\u00f3 el empate de Boca Juniors con San Lorenzo.\">[&#8230;]<\/a><\/p>\n<\/div>","protected":false},"author":3,"featured_media":111443,"comment_status":"open","ping_status":"open","sticky":false,"template":"","format":"standard","meta":{"footnotes":""},"categories":[5],"tags":[6660,6661],"class_list":["post-111449","post","type-post","status-publish","format-standard","has-post-thumbnail","hentry","category-deportes","tag-boca-san-lorenzo","tag-claudio-ubeda"],"_links":{"self":[{"href":"https:\/\/primiciasclorinda.com\/index.php?rest_route=\/wp\/v2\/posts\/111449","targetHints":{"allow":["GET"]}}],"collection":[{"href":"https:\/\/primiciasclorinda.com\/index.php?rest_route=\/wp\/v2\/posts"}],"about":[{"href":"https:\/\/primiciasclorinda.com\/index.php?rest_route=\/wp\/v2\/types\/post"}],"author":[{"embeddable":true,"href":"https:\/\/primiciasclorinda.com\/index.php?rest_route=\/wp\/v2\/users\/3"}],"replies":[{"embeddable":true,"href":"https:\/\/primiciasclorinda.com\/index.php?rest_route=%2Fwp%2Fv2%2Fcomments&post=111449"}],"version-history":[{"count":1,"href":"https:\/\/primiciasclorinda.com\/index.php?rest_route=\/wp\/v2\/posts\/111449\/revisions"}],"predecessor-version":[{"id":111450,"href":"https:\/\/primiciasclorinda.com\/index.php?rest_route=\/wp\/v2\/posts\/111449\/revisions\/111450"}],"wp:featuredmedia":[{"embeddable":true,"href":"https:\/\/primiciasclorinda.com\/index.php?rest_route=\/wp\/v2\/media\/111443"}],"wp:attachment":[{"href":"https:\/\/primiciasclorinda.com\/index.php?rest_route=%2Fwp%2Fv2%2Fmedia&parent=111449"}],"wp:term":[{"taxonomy":"category","embeddable":true,"href":"https:\/\/primiciasclorinda.com\/index.php?rest_route=%2Fwp%2Fv2%2Fcategories&post=111449"},{"taxonomy":"post_tag","embeddable":true,"href":"https:\/\/primiciasclorinda.com\/index.php?rest_route=%2Fwp%2Fv2%2Ftags&post=111449"}],"curies":[{"name":"wp","href":"https:\/\/api.w.org\/{rel}","templated":true}]}}