{"id":111438,"date":"2026-03-12T08:24:14","date_gmt":"2026-03-12T11:24:14","guid":{"rendered":"https:\/\/primiciasclorinda.com\/?p=111438"},"modified":"2026-03-12T08:24:15","modified_gmt":"2026-03-12T11:24:15","slug":"el-nino-podria-llegar-pronto-traera-clima-extremo-y-temperaturas-mas-altas","status":"publish","type":"post","link":"https:\/\/primiciasclorinda.com\/?p=111438","title":{"rendered":"El Ni\u00f1o podr\u00eda llegar pronto: traer\u00e1 clima extremo y temperaturas m\u00e1s altas"},"content":{"rendered":"\n<p><strong>Cada vez hay m\u00e1s indicios de que&nbsp;<a href=\"https:\/\/www.cnn.com\/2023\/07\/14\/weather\/what-is-el-nino-xpn\">El Ni\u00f1o<\/a>&nbsp;podr\u00eda formarse y fortalecerse, convirti\u00e9ndose en un fen\u00f3meno potencialmente significativo durante los pr\u00f3ximos meses, desequilibrando los patrones clim\u00e1ticos mundiales. El Ni\u00f1o podr\u00eda afectar la temporada de huracanes del Atl\u00e1ntico (si el momento es oportuno) y calentar a\u00fan m\u00e1s el planeta, haciendo mucho m\u00e1s probable otro a\u00f1o r\u00e9cord de calor de lo que ser\u00eda de otro modo, este a\u00f1o o el pr\u00f3ximo<\/strong><\/p>\n\n\n\n<p><strong><a href=\"https:\/\/www.cnn.com\/2026\/02\/17\/weather\/el-nino-global-warming-pacific-ocean\">El Ni\u00f1o y La Ni\u00f1a<\/a>&nbsp;son ciclos clim\u00e1ticos peri\u00f3dicos en el oc\u00e9ano Pac\u00edfico tropical que ocurren cada pocos a\u00f1os y pueden tener profundos efectos en los patrones clim\u00e1ticos globales. Pueden provocar inundaciones en partes de \u00c1frica y sequ\u00edas en otras zonas, azotar la costa oeste de EE.UU. con tormentas invernales y, en el caso de El Ni\u00f1o, provocar m\u00e1s extremos de calor a nivel mundial.<\/strong><\/p>\n\n\n\n<figure class=\"wp-block-image size-large is-resized\"><img loading=\"lazy\" decoding=\"async\" width=\"600\" height=\"126\" src=\"http:\/\/primiciasclorinda.com\/wp-content\/uploads\/2026\/03\/ausp-hipergasdeconfianza-5-600x126.jpg\" alt=\"\" class=\"wp-image-108529\" style=\"width:840px;height:auto\" srcset=\"https:\/\/primiciasclorinda.com\/wp-content\/uploads\/2026\/03\/ausp-hipergasdeconfianza-5-600x126.jpg 600w, https:\/\/primiciasclorinda.com\/wp-content\/uploads\/2026\/03\/ausp-hipergasdeconfianza-5-300x63.jpg 300w, https:\/\/primiciasclorinda.com\/wp-content\/uploads\/2026\/03\/ausp-hipergasdeconfianza-5-768x162.jpg 768w, https:\/\/primiciasclorinda.com\/wp-content\/uploads\/2026\/03\/ausp-hipergasdeconfianza-5.jpg 950w\" sizes=\"auto, (max-width: 600px) 100vw, 600px\" \/><\/figure>\n\n\n\n<p><strong>El Ni\u00f1o se caracteriza por aguas inusualmente c\u00e1lidas a lo largo del oc\u00e9ano Pac\u00edfico tropical ecuatorial y una serie de cambios en los patrones de vientos y precipitaciones en la atm\u00f3sfera. Estos cambios son lo suficientemente significativos como para&nbsp;<a href=\"https:\/\/www.climate.gov\/news-features\/featured-images\/how-el-ni%C3%B1o-and-la-ni%C3%B1a-affect-winter-jet-stream-and-us-climate\" target=\"_blank\" rel=\"noreferrer noopener\">afectar el clima mundial<\/a>. Actualmente, agua inusualmente c\u00e1lida se est\u00e1 extendiendo bajo la superficie del oc\u00e9ano desde el Pac\u00edfico tropical occidental hasta el oriental, lo que podr\u00eda ser un precursor de dicho fen\u00f3meno.<\/strong><\/p>\n\n\n\n<p><strong>Si bien a\u00fan existe una considerable incertidumbre en el pron\u00f3stico, la mayor\u00eda de las proyecciones de los grupos de monitoreo de El Ni\u00f1o en EE.UU. y Australia, entre otros, muestran que el actual fen\u00f3meno de La Ni\u00f1a, que es d\u00e9bil, disminuir\u00e1 en los pr\u00f3ximos meses.&nbsp;<a href=\"https:\/\/www.cnn.com\/2025\/01\/09\/weather\/la-nina-winter-spring-forecast-climate\">La Ni\u00f1a<\/a>, el fen\u00f3meno de aguas m\u00e1s fr\u00edas de El Ni\u00f1o, tambi\u00e9n puede provocar perturbaciones meteorol\u00f3gicas globales. Por ahora, los expertos prev\u00e9n la aparici\u00f3n de las llamadas condiciones \u201cNeutrales ENOS\u201d, lo que significa que no se presentar\u00e1n ni La Ni\u00f1a ni El Ni\u00f1o, durante gran parte de la segunda mitad de la primavera y parte del verano boreal.<\/strong><\/p>\n\n\n\n<p><strong>Luego, dependiendo de una mir\u00edada de factores que van desde la direcci\u00f3n y fuerza de los vientos alisios hasta el chapoteo de aguas oce\u00e1nicas m\u00e1s c\u00e1lidas que el promedio desde el oeste hasta el este del Oc\u00e9ano Pac\u00edfico tropical, puede surgir un fen\u00f3meno de El Ni\u00f1o en alg\u00fan momento entre fines del verano y el oto\u00f1o.<\/strong><\/p>\n\n\n\n<p><strong>Las perspectivas de la Administraci\u00f3n Nacional Oce\u00e1nica y Atmosf\u00e9rica (NOAA), la Oficina de Meteorolog\u00eda de Australia y otros grupos muestran el mismo escenario general, con distintos grados de confianza y ligeras diferencias en los plazos.<\/strong><\/p>\n\n\n\n<p><strong>Actualmente, aunque el oc\u00e9ano empieza a parecerse m\u00e1s a un fen\u00f3meno de El Ni\u00f1o y se proyecta que se agrave a\u00fan m\u00e1s, la circulaci\u00f3n atmosf\u00e9rica a\u00fan refleja la influencia de un fen\u00f3meno d\u00e9bil de La Ni\u00f1a. Esto significa que los efectos de un fen\u00f3meno de El Ni\u00f1o, si se desarrolla, a\u00fan tardar\u00e1n varios meses.<\/strong><\/p>\n\n\n\n<p><strong>Para predecir con mayor certeza un fen\u00f3meno de El Ni\u00f1o, los vientos alisios que soplan de este a oeste a trav\u00e9s del ecuador tendr\u00edan que aflojar, permitiendo que m\u00e1s agua c\u00e1lida del Pac\u00edfico occidental se desplace hacia el este y emerja a la superficie. Hasta el momento, este cambio en los vientos alisios no se ha producido de forma consistente, pero los modelos inform\u00e1ticos proyectan que esto cambiar\u00e1 en los pr\u00f3ximos meses.<\/strong><\/p>\n\n\n\n<p><strong>De hecho, algunos modelos computacionales, incluyendo el prestigioso conjunto europeo, son bastante agresivos en el desarrollo de El Ni\u00f1o y su progresi\u00f3n hasta un intenso \u201cS\u00faper El Ni\u00f1o\u201d a finales del oto\u00f1o. Si esto ocurriera, la temporada de huracanes del Atl\u00e1ntico podr\u00eda ser m\u00e1s tranquila de lo habitual, ya que El Ni\u00f1o suele ir acompa\u00f1ado de una cizalladura del viento m\u00e1s intensa sobre el oc\u00e9ano Atl\u00e1ntico tropical.<\/strong><\/p>\n\n\n\n<p><strong>La cizalladura del viento, que se produce cuando los vientos soplan a diferentes velocidades y\/o direcciones seg\u00fan la altura, act\u00faa como un impedimento para las tormentas tropicales y los huracanes incipientes.<\/strong><\/p>\n\n\n\n<p><strong>Los a\u00f1os de El Ni\u00f1o tambi\u00e9n tienden a elevar las temperaturas superficiales medias globales, actuando as\u00ed en sinton\u00eda con el calentamiento global antropog\u00e9nico para establecer r\u00e9cords de calor. Un Ni\u00f1o intenso, a veces llamado \u201cS\u00faper El Ni\u00f1o\u201d, con toda seguridad catapultar\u00eda las temperaturas globales a niveles r\u00e9cord,&nbsp;<a href=\"https:\/\/www.cnn.com\/2026\/03\/06\/climate\/climate-warming-faster-scientists-2030-mystery\">acelerando a\u00fan m\u00e1s el calentamiento<\/a>&nbsp;y potencialmente provocando un mayor blanqueamiento de corales y otros efectos da\u00f1inos.<\/strong><\/p>\n\n\n\n<p><strong>Los meteor\u00f3logos advierten que las predicciones de El Ni\u00f1o tienden a ser menos precisas en esta \u00e9poca del a\u00f1o, en lo que se conoce como la barrera de predicci\u00f3n de primavera. Un meteor\u00f3logo compar\u00f3 esta barrera con pronosticar en medio de la niebla, esperando a que se despeje para tener mayor certeza sobre lo que suceder\u00e1 a continuaci\u00f3n.<\/strong><\/p>\n\n\n\n<p><strong>La barrera se refiere a un per\u00edodo en el que las proyecciones de modelos inform\u00e1ticos para el pron\u00f3stico clim\u00e1tico estacional tienden a ser menos fiables que en otras \u00e9pocas del a\u00f1o. La mayor incertidumbre significa que, si bien las se\u00f1ales observacionales comienzan a indicar el desarrollo de un fen\u00f3meno de El Ni\u00f1o, y los modelos inform\u00e1ticos muestran que es m\u00e1s probable que se produzca durante los pr\u00f3ximos meses, la confianza en este escenario no es muy alta.<\/strong><\/p>\n\n\n\n<p><strong>Normalmente, los pron\u00f3sticos de El Ni\u00f1o tienden a volverse m\u00e1s confiables en junio a medida que se acerca el verano.<\/strong><\/p>\n\n\n<figure class=\"wp-block-post-featured-image\"><img loading=\"lazy\" decoding=\"async\" width=\"950\" height=\"600\" src=\"https:\/\/primiciasclorinda.com\/wp-content\/uploads\/2026\/03\/cambioporelnino-2.jpg\" class=\"attachment-post-thumbnail size-post-thumbnail wp-post-image\" alt=\"\" style=\"object-fit:cover;\" srcset=\"https:\/\/primiciasclorinda.com\/wp-content\/uploads\/2026\/03\/cambioporelnino-2.jpg 950w, https:\/\/primiciasclorinda.com\/wp-content\/uploads\/2026\/03\/cambioporelnino-2-300x189.jpg 300w, https:\/\/primiciasclorinda.com\/wp-content\/uploads\/2026\/03\/cambioporelnino-2-475x300.jpg 475w, https:\/\/primiciasclorinda.com\/wp-content\/uploads\/2026\/03\/cambioporelnino-2-768x485.jpg 768w\" sizes=\"auto, (max-width: 950px) 100vw, 950px\" \/><\/figure>","protected":false},"excerpt":{"rendered":"<div class=\"mh-excerpt\"><p>Cada vez hay m\u00e1s indicios de que&nbsp;El Ni\u00f1o&nbsp;podr\u00eda formarse y fortalecerse, convirti\u00e9ndose en un fen\u00f3meno potencialmente significativo durante los pr\u00f3ximos meses, desequilibrando los patrones clim\u00e1ticos <a class=\"mh-excerpt-more\" href=\"https:\/\/primiciasclorinda.com\/?p=111438\" title=\"El Ni\u00f1o podr\u00eda llegar pronto: traer\u00e1 clima extremo y temperaturas m\u00e1s altas\">[&#8230;]<\/a><\/p>\n<\/div>","protected":false},"author":3,"featured_media":111442,"comment_status":"open","ping_status":"open","sticky":false,"template":"","format":"standard","meta":{"footnotes":""},"categories":[4],"tags":[6659],"class_list":["post-111438","post","type-post","status-publish","format-standard","has-post-thumbnail","hentry","category-informacion-general","tag-corriente-del-nino"],"_links":{"self":[{"href":"https:\/\/primiciasclorinda.com\/index.php?rest_route=\/wp\/v2\/posts\/111438","targetHints":{"allow":["GET"]}}],"collection":[{"href":"https:\/\/primiciasclorinda.com\/index.php?rest_route=\/wp\/v2\/posts"}],"about":[{"href":"https:\/\/primiciasclorinda.com\/index.php?rest_route=\/wp\/v2\/types\/post"}],"author":[{"embeddable":true,"href":"https:\/\/primiciasclorinda.com\/index.php?rest_route=\/wp\/v2\/users\/3"}],"replies":[{"embeddable":true,"href":"https:\/\/primiciasclorinda.com\/index.php?rest_route=%2Fwp%2Fv2%2Fcomments&post=111438"}],"version-history":[{"count":1,"href":"https:\/\/primiciasclorinda.com\/index.php?rest_route=\/wp\/v2\/posts\/111438\/revisions"}],"predecessor-version":[{"id":111448,"href":"https:\/\/primiciasclorinda.com\/index.php?rest_route=\/wp\/v2\/posts\/111438\/revisions\/111448"}],"wp:featuredmedia":[{"embeddable":true,"href":"https:\/\/primiciasclorinda.com\/index.php?rest_route=\/wp\/v2\/media\/111442"}],"wp:attachment":[{"href":"https:\/\/primiciasclorinda.com\/index.php?rest_route=%2Fwp%2Fv2%2Fmedia&parent=111438"}],"wp:term":[{"taxonomy":"category","embeddable":true,"href":"https:\/\/primiciasclorinda.com\/index.php?rest_route=%2Fwp%2Fv2%2Fcategories&post=111438"},{"taxonomy":"post_tag","embeddable":true,"href":"https:\/\/primiciasclorinda.com\/index.php?rest_route=%2Fwp%2Fv2%2Ftags&post=111438"}],"curies":[{"name":"wp","href":"https:\/\/api.w.org\/{rel}","templated":true}]}}