{"id":11134,"date":"2018-09-07T19:15:47","date_gmt":"2018-09-07T22:15:47","guid":{"rendered":"http:\/\/primiciasclorinda.com\/?p=11134"},"modified":"2018-09-07T19:15:47","modified_gmt":"2018-09-07T22:15:47","slug":"el-gremio-voz-docente-adhiere-al-paro-nacional-de-la-cgt-para-el-25-de-septiembre","status":"publish","type":"post","link":"https:\/\/primiciasclorinda.com\/?p=11134","title":{"rendered":"El gremio Voz Docente adhiere al paro nacional de la CGT para el 25 de septiembre"},"content":{"rendered":"<p style=\"text-align: justify;\">La Agremiaci\u00f3n de Trabajadores de la Educaci\u00f3n Voz Docente decidi\u00f3, en reuni\u00f3n de su Comisi\u00f3n Directiva del lunes pasado, adherir al paro nacional de 24 horas decretado la CGT Nacional, para el d\u00eda 25 de septiembre, \u00abpor lo que ese d\u00eda los docentes formose\u00f1os vamos a parar solicitando una recomposici\u00f3n salarial urgente, dada la p\u00e9rdida de poder adquisitivo de los sueldos por la inflaci\u00f3n existente\u00bb.<\/p>\n<p style=\"text-align: justify;\">Al mismo tiempo se aclar\u00f3 que, por el contrario, no se adherir\u00e1 al paro nacional de la CTERA del 13 de septiembre, porque \u00abinstitucionalmente no pertenecemos a esa organizaci\u00f3n nacional, sino a la CEA y porque entendemos, por una parte, que es un paro nacional para apoyar al dirigente Baradel de la provincia de Buenos Aires con el que no tenemos nada que ver los formose\u00f1os y por la otra, porque se trata de un paro ideol\u00f3gico y partidario y no coincidimos con eso\u00bb.<\/p>\n<p style=\"text-align: justify;\">Carlos Toloza, secretario general del gremio, manifest\u00f3 que \u00abnosotros en Formosa comenzamos una lucha local y propia para lograr una urgente recomposici\u00f3n salarial, que nos ayude a paliar los efectos devastadores de la inflaci\u00f3n de precios. Nuestra Asamblea decidi\u00f3 el 11 de agosto pedir un incremento del 15% en los sueldos pero observamos, a pocos d\u00edas, que ese n\u00famero ha quedado chico, ya que la inflaci\u00f3n anual 2018 rondar\u00e1 el 40%, seg\u00fan los propios funcionarios nacionales\u00bb.<\/p>\n<p style=\"text-align: justify;\">Aclar\u00f3 que \u00abhemos dado todos los pasos administrativos y legales pidiendo la recomposici\u00f3n salarial al PEP y hasta hoy no tuvimos respuesta de las autoridades provinciales, por ello comenzaremos, despu\u00e9s del 11, a implementar las protestas gremiales para lograr ese objetivo, ya est\u00e1 convocada una reuni\u00f3n de delegados escolares de la capital para decidir y organizar el plan de lucha correspondiente: se har\u00e1 en la sede gremial de Maip\u00fa 28, a las 18 horas del mi\u00e9rcoles 12 de septiembre y pueden asistir los delegados y los docentes, que sin serlo, quieran participar de la lucha gremial por un mejor salario\u00bb.<\/p>\n<p style=\"text-align: justify;\">El gremialista se\u00f1al\u00f3 que la Asamblea Gremial, en el marco de la crisis econ\u00f3mica nacional, dio por caducada la recomposici\u00f3n salarial del 20%- pagadera en tres cuotas hasta octubre- dispuesta por el Gobernador Insfr\u00e1n en marzo, porque la inflaci\u00f3n habida la hizo desaparecer: \u00abno nos sirvi\u00f3 de nada, fue como no si no la hubieran pagado, tanto que a esta fecha nadie tiene dinero para festejar el d\u00eda del docente\u00bb, grafic\u00f3.<\/p>\n<p style=\"text-align: justify;\">\u00abEsta situaci\u00f3n salarial no es ignorada por las autoridades y les solicitamos que hagan algo para ayudar a la familia docente, porque son responsables de nuestros haberes y bienestar y les decimos que est\u00e1 bien que se paguen y se pongan al d\u00eda -claro que a valores hist\u00f3ricos- las deudas de las planillas complementarias, pero lo que necesita la docencia es una recomposici\u00f3n salarial que le permita llegar a fin de mes, con sacrificios pero llegar de alguna manera, lo que no ocurre hoy\u00bb, asever\u00f3.<\/p>\n<p style=\"text-align: justify;\">Toloza dijo que \u00able pedimos al Gobernador Insfr\u00e1n que no mire para otro lado y que atienda los reclamos docentes\u00bb, y agreg\u00f3 que \u00aba nosotros, en esta grave situaci\u00f3n alimentaria, no nos interesa la pelea pol\u00edtica, sino que nuestras familias puedan alimentarse como corresponde y que podamos hacer estudiar a nuestros hijos, eso es lo primero que hay que ver, atender y solucionar\u00bb, cerr\u00f3.<\/p>\n<p style=\"text-align: justify;\">En cuanto a los valores salariales explic\u00f3 que el Sueldo B\u00e1sico del docente es de $ 6.300, el Sueldo Inicial garantizado de $ 11.400 y el sueldo de un jubilado de $ 13.050, esto despu\u00e9s de haber trabajado 25 a\u00f1os y m\u00e1s, incluso m\u00e1s de 30 a\u00f1os de servicios en muchos casos.<\/p>\n<p style=\"text-align: justify;\">\u00abUn mes de demora del Gobierno provincial en la recomposici\u00f3n salarial, que no se puede eludir sino ser\u00eda inhumano, ser\u00e1 mucho dinero ahorrado por el Ministro Ib\u00e1\u00f1ez y su gente , pero para cada docente y su familia significan 30 d\u00edas de sufrimiento, angustia y endeudamiento: nos estamos cayendo en un pozo sin fin y los funcionarios hasta ahora miran y no quieren desatar la bolsa a pesar de que no hay d\u00e9ficit provincial y de que hay un fondo anti -c\u00edclico de 6 mil millones de pesos guardados en los bancos\u00bb, culmin\u00f3.<\/p>\n<p style=\"text-align: justify;\">Fuente: Diario Expres<\/p>\n","protected":false},"excerpt":{"rendered":"<div class=\"mh-excerpt\"><p>La Agremiaci\u00f3n de Trabajadores de la Educaci\u00f3n Voz Docente decidi\u00f3, en reuni\u00f3n de su Comisi\u00f3n Directiva del lunes pasado, adherir al paro nacional de 24 <a class=\"mh-excerpt-more\" href=\"https:\/\/primiciasclorinda.com\/?p=11134\" title=\"El gremio Voz Docente adhiere al paro nacional de la CGT para el 25 de septiembre\">[&#8230;]<\/a><\/p>\n<\/div>","protected":false},"author":3,"featured_media":11135,"comment_status":"open","ping_status":"open","sticky":false,"template":"","format":"standard","meta":{"footnotes":""},"categories":[3],"tags":[667,641,1891],"class_list":["post-11134","post","type-post","status-publish","format-standard","has-post-thumbnail","hentry","category-politica-economia","tag-gremios-docentes","tag-paro","tag-voz-docentes"],"_links":{"self":[{"href":"https:\/\/primiciasclorinda.com\/index.php?rest_route=\/wp\/v2\/posts\/11134","targetHints":{"allow":["GET"]}}],"collection":[{"href":"https:\/\/primiciasclorinda.com\/index.php?rest_route=\/wp\/v2\/posts"}],"about":[{"href":"https:\/\/primiciasclorinda.com\/index.php?rest_route=\/wp\/v2\/types\/post"}],"author":[{"embeddable":true,"href":"https:\/\/primiciasclorinda.com\/index.php?rest_route=\/wp\/v2\/users\/3"}],"replies":[{"embeddable":true,"href":"https:\/\/primiciasclorinda.com\/index.php?rest_route=%2Fwp%2Fv2%2Fcomments&post=11134"}],"version-history":[{"count":1,"href":"https:\/\/primiciasclorinda.com\/index.php?rest_route=\/wp\/v2\/posts\/11134\/revisions"}],"predecessor-version":[{"id":11136,"href":"https:\/\/primiciasclorinda.com\/index.php?rest_route=\/wp\/v2\/posts\/11134\/revisions\/11136"}],"wp:featuredmedia":[{"embeddable":true,"href":"https:\/\/primiciasclorinda.com\/index.php?rest_route=\/wp\/v2\/media\/11135"}],"wp:attachment":[{"href":"https:\/\/primiciasclorinda.com\/index.php?rest_route=%2Fwp%2Fv2%2Fmedia&parent=11134"}],"wp:term":[{"taxonomy":"category","embeddable":true,"href":"https:\/\/primiciasclorinda.com\/index.php?rest_route=%2Fwp%2Fv2%2Fcategories&post=11134"},{"taxonomy":"post_tag","embeddable":true,"href":"https:\/\/primiciasclorinda.com\/index.php?rest_route=%2Fwp%2Fv2%2Ftags&post=11134"}],"curies":[{"name":"wp","href":"https:\/\/api.w.org\/{rel}","templated":true}]}}