{"id":11107,"date":"2018-09-05T17:39:47","date_gmt":"2018-09-05T20:39:47","guid":{"rendered":"http:\/\/primiciasclorinda.com\/?p=11107"},"modified":"2018-09-05T17:39:47","modified_gmt":"2018-09-05T20:39:47","slug":"concejales-se-reunieron-con-comerciantes-por-el-estacionamiento-medido","status":"publish","type":"post","link":"https:\/\/primiciasclorinda.com\/?p=11107","title":{"rendered":"Concejales se reunieron con comerciantes por el Estacionamiento Medido"},"content":{"rendered":"<p style=\"text-align: justify;\">En la tarde del martes, previamente a la reuni\u00f3n de las distintas comisiones, los Concejales de la ciudad de Clorinda estuvieron recibiendo a quien hace algunas semanas estuvo realizando una presentaci\u00f3n v\u00eda nota en el Poder Ejecutivo y Legislativo sobre el tema estacionamiento medido.<\/p>\n<p style=\"text-align: justify;\">\nLa Dra. Susana Boscarino, en esa nota entre otras cosas se solicita se derogue la implementaci\u00f3n del estacionamiento medido pero tambi\u00e9n recordemos que se utilizaban manifestaciones en las que se pon\u00edan en duda el sistema de implementaci\u00f3n del SEM y que incluso provoco que muchos de los que hab\u00edan firmado esa nota luego se terminaran retractando. En definitivas los ediles de nuestra ciudad desde las 17 hs. Estuvieron reuni\u00e9ndose y escuchando a la mencionada comerciante quien expuso sus motivos por los cuales ella entiende que el estacionamiento medido afecta directamente a las ventas.<\/p>\n<p style=\"text-align: justify;\">\nTras haberla escuchado los diferentes Concejales fueron explic\u00e1ndole ciertas cuestiones y marcando otras a fin de que conociera un poco m\u00e1s sobre c\u00f3mo se trabaj\u00f3 y por cuanto tiempo para que pudiera salir esta ordenanza del estacionamiento, adem\u00e1s como muchas cuestiones estaban fuera de conocimiento de la mencionada comerciante se le fue facilitando instrumentos legales que se utilizaron para la implementaci\u00f3n y aprobaci\u00f3n del SEM. Se trat\u00f3 de una reuni\u00f3n en la que se tuvo en cuenta el respeto y la posici\u00f3n de cada uno de los que formaban parte.<\/p>\n","protected":false},"excerpt":{"rendered":"<div class=\"mh-excerpt\"><p>En la tarde del martes, previamente a la reuni\u00f3n de las distintas comisiones, los Concejales de la ciudad de Clorinda estuvieron recibiendo a quien hace <a class=\"mh-excerpt-more\" href=\"https:\/\/primiciasclorinda.com\/?p=11107\" title=\"Concejales se reunieron con comerciantes por el Estacionamiento Medido\">[&#8230;]<\/a><\/p>\n<\/div>","protected":false},"author":3,"featured_media":11108,"comment_status":"open","ping_status":"open","sticky":false,"template":"","format":"standard","meta":{"footnotes":""},"categories":[3],"tags":[26,1686,319],"class_list":["post-11107","post","type-post","status-publish","format-standard","has-post-thumbnail","hentry","category-politica-economia","tag-clorinda","tag-estacionamiento-medido","tag-hcd"],"_links":{"self":[{"href":"https:\/\/primiciasclorinda.com\/index.php?rest_route=\/wp\/v2\/posts\/11107","targetHints":{"allow":["GET"]}}],"collection":[{"href":"https:\/\/primiciasclorinda.com\/index.php?rest_route=\/wp\/v2\/posts"}],"about":[{"href":"https:\/\/primiciasclorinda.com\/index.php?rest_route=\/wp\/v2\/types\/post"}],"author":[{"embeddable":true,"href":"https:\/\/primiciasclorinda.com\/index.php?rest_route=\/wp\/v2\/users\/3"}],"replies":[{"embeddable":true,"href":"https:\/\/primiciasclorinda.com\/index.php?rest_route=%2Fwp%2Fv2%2Fcomments&post=11107"}],"version-history":[{"count":1,"href":"https:\/\/primiciasclorinda.com\/index.php?rest_route=\/wp\/v2\/posts\/11107\/revisions"}],"predecessor-version":[{"id":11109,"href":"https:\/\/primiciasclorinda.com\/index.php?rest_route=\/wp\/v2\/posts\/11107\/revisions\/11109"}],"wp:featuredmedia":[{"embeddable":true,"href":"https:\/\/primiciasclorinda.com\/index.php?rest_route=\/wp\/v2\/media\/11108"}],"wp:attachment":[{"href":"https:\/\/primiciasclorinda.com\/index.php?rest_route=%2Fwp%2Fv2%2Fmedia&parent=11107"}],"wp:term":[{"taxonomy":"category","embeddable":true,"href":"https:\/\/primiciasclorinda.com\/index.php?rest_route=%2Fwp%2Fv2%2Fcategories&post=11107"},{"taxonomy":"post_tag","embeddable":true,"href":"https:\/\/primiciasclorinda.com\/index.php?rest_route=%2Fwp%2Fv2%2Ftags&post=11107"}],"curies":[{"name":"wp","href":"https:\/\/api.w.org\/{rel}","templated":true}]}}