{"id":10754,"date":"2018-08-09T11:45:39","date_gmt":"2018-08-09T14:45:39","guid":{"rendered":"http:\/\/primiciasclorinda.com\/?p=10754"},"modified":"2018-08-09T11:45:39","modified_gmt":"2018-08-09T14:45:39","slug":"el-gobierno-confirmo-que-incluira-la-discusion-sobre-el-aborto-en-el-nuevo-codigo-penal","status":"publish","type":"post","link":"https:\/\/primiciasclorinda.com\/?p=10754","title":{"rendered":"El Gobierno confirm\u00f3 que incluir\u00e1 la discusi\u00f3n sobre el aborto en el nuevo C\u00f3digo Penal"},"content":{"rendered":"<p>Marcos Pe\u00f1a confirm\u00f3 que el 21 de agosto el Ejecutivo presentar\u00e1 la propuesta de C\u00f3digo Penal de reforma y que la comisi\u00f3n de expertos incluy\u00f3 la tem\u00e1tica del aborto. Mir\u00e1 la nota.<\/p>\n<p><a href=\"https:\/\/www.facebook.com\/todonoticias\/videos\/10157608041679863\/\">https:\/\/www.facebook.com\/todonoticias\/videos\/10157608041679863\/<\/a><\/p>\n","protected":false},"excerpt":{"rendered":"<div class=\"mh-excerpt\"><p>Marcos Pe\u00f1a confirm\u00f3 que el 21 de agosto el Ejecutivo presentar\u00e1 la propuesta de C\u00f3digo Penal de reforma y que la comisi\u00f3n de expertos incluy\u00f3 <a class=\"mh-excerpt-more\" href=\"https:\/\/primiciasclorinda.com\/?p=10754\" title=\"El Gobierno confirm\u00f3 que incluir\u00e1 la discusi\u00f3n sobre el aborto en el nuevo C\u00f3digo Penal\">[&#8230;]<\/a><\/p>\n<\/div>","protected":false},"author":3,"featured_media":10755,"comment_status":"open","ping_status":"open","sticky":false,"template":"","format":"standard","meta":{"footnotes":""},"categories":[3],"tags":[1779,1925,1924,102],"class_list":["post-10754","post","type-post","status-publish","format-standard","has-post-thumbnail","hentry","category-politica-economia","tag-aborto","tag-codigo-penal","tag-despenalizacion-del-aborto","tag-marcos-pena"],"_links":{"self":[{"href":"https:\/\/primiciasclorinda.com\/index.php?rest_route=\/wp\/v2\/posts\/10754","targetHints":{"allow":["GET"]}}],"collection":[{"href":"https:\/\/primiciasclorinda.com\/index.php?rest_route=\/wp\/v2\/posts"}],"about":[{"href":"https:\/\/primiciasclorinda.com\/index.php?rest_route=\/wp\/v2\/types\/post"}],"author":[{"embeddable":true,"href":"https:\/\/primiciasclorinda.com\/index.php?rest_route=\/wp\/v2\/users\/3"}],"replies":[{"embeddable":true,"href":"https:\/\/primiciasclorinda.com\/index.php?rest_route=%2Fwp%2Fv2%2Fcomments&post=10754"}],"version-history":[{"count":1,"href":"https:\/\/primiciasclorinda.com\/index.php?rest_route=\/wp\/v2\/posts\/10754\/revisions"}],"predecessor-version":[{"id":10756,"href":"https:\/\/primiciasclorinda.com\/index.php?rest_route=\/wp\/v2\/posts\/10754\/revisions\/10756"}],"wp:featuredmedia":[{"embeddable":true,"href":"https:\/\/primiciasclorinda.com\/index.php?rest_route=\/wp\/v2\/media\/10755"}],"wp:attachment":[{"href":"https:\/\/primiciasclorinda.com\/index.php?rest_route=%2Fwp%2Fv2%2Fmedia&parent=10754"}],"wp:term":[{"taxonomy":"category","embeddable":true,"href":"https:\/\/primiciasclorinda.com\/index.php?rest_route=%2Fwp%2Fv2%2Fcategories&post=10754"},{"taxonomy":"post_tag","embeddable":true,"href":"https:\/\/primiciasclorinda.com\/index.php?rest_route=%2Fwp%2Fv2%2Ftags&post=10754"}],"curies":[{"name":"wp","href":"https:\/\/api.w.org\/{rel}","templated":true}]}}