{"id":107465,"date":"2026-03-05T08:41:22","date_gmt":"2026-03-05T11:41:22","guid":{"rendered":"https:\/\/primiciasclorinda.com\/?p=107465"},"modified":"2026-03-05T08:41:23","modified_gmt":"2026-03-05T11:41:23","slug":"es-oficial-se-viene-un-doble-fin-de-semana-largo-el-gobierno-decreto-dos-descansos-de-4-dias","status":"publish","type":"post","link":"https:\/\/primiciasclorinda.com\/?p=107465","title":{"rendered":"Es oficial | Se viene un doble fin de semana largo: el Gobierno decret\u00f3 dos descansos de 4 d\u00edas"},"content":{"rendered":"\n<p><strong>Los argentinos podr\u00e1n disfrutar de dos fines de semana largos consecutivos, uno a finales de marzo y otro durante la primera semana de abril<\/strong><\/p>\n\n\n\n<p><strong>El Gobierno nacional confirm\u00f3&nbsp;tres feriados y un d\u00eda no laborable con fines tur\u00edsticos&nbsp;que dar\u00e1n lugar a dos&nbsp;<a href=\"https:\/\/www.cronista.com\/informacion-gral\/feriados-de-marzo-2026-confirmados-cuando-es-el-proximo-fin-de-semana-largo\/\" target=\"_blank\" rel=\"noreferrer noopener\">fines de semana largos<\/a>&nbsp;consecutivos. El primero ser\u00e1 durante la \u00faltima semana de marzo y el segundo en los primeros d\u00edas de abril, lo que representa dos oportunidades ideales para descansar o planificar una&nbsp;<a href=\"https:\/\/www.cronista.com\/clase\/break\/escapada-a-menos-de-1-hora-de-caba-el-pueblo-con-playas-y-parrillas-ideal-para-desconectar-este-verano\/\" target=\"_blank\" rel=\"noreferrer noopener\">escapada<\/a>.<\/strong><\/p>\n\n\n\n<p><strong>\u00bfCu\u00e1ndo es el pr\u00f3ximo feriado?<\/strong><\/p>\n\n\n\n<figure class=\"wp-block-image size-large is-resized\"><img loading=\"lazy\" decoding=\"async\" width=\"600\" height=\"126\" src=\"http:\/\/primiciasclorinda.com\/wp-content\/uploads\/2026\/02\/ausp-hipergasdeconfianza-5-600x126.jpg\" alt=\"\" class=\"wp-image-103499\" style=\"width:840px;height:auto\" srcset=\"https:\/\/primiciasclorinda.com\/wp-content\/uploads\/2026\/02\/ausp-hipergasdeconfianza-5-600x126.jpg 600w, https:\/\/primiciasclorinda.com\/wp-content\/uploads\/2026\/02\/ausp-hipergasdeconfianza-5-300x63.jpg 300w, https:\/\/primiciasclorinda.com\/wp-content\/uploads\/2026\/02\/ausp-hipergasdeconfianza-5-768x162.jpg 768w, https:\/\/primiciasclorinda.com\/wp-content\/uploads\/2026\/02\/ausp-hipergasdeconfianza-5.jpg 950w\" sizes=\"auto, (max-width: 600px) 100vw, 600px\" \/><\/figure>\n\n\n\n<p><strong>El pr\u00f3ximo&nbsp;<a href=\"https:\/\/www.cronista.com\/informacion-gral\/declaran-feriado-el-viernes-6-de-marzo-y-se-extiende-a-3-dias-el-fin-de-semana-largo-previo-a-semana-santa-a-quienes-afecta\/\" target=\"_blank\" rel=\"noreferrer noopener\">feriado<\/a>&nbsp;nacional ser\u00e1 el&nbsp;martes 24 de marzo, fecha inamovible correspondiente al D\u00eda Nacional de la Memoria por la Verdad y la Justicia, en conmemoraci\u00f3n de las v\u00edctimas del terrorismo de Estado de la \u00faltima dictadura c\u00edvico\u2011militar.<\/strong><\/p>\n\n\n\n<p><strong>Adem\u00e1s, este a\u00f1o el Gobierno sum\u00f3 un d\u00eda no laborable con fines tur\u00edsticos el&nbsp;lunes 23 de marzo, lo que conforma un&nbsp;<a href=\"https:\/\/www.cronista.com\/informacion-gral\/confirmado-decretaron-feriado-el-25-de-marzo-y-habra-un-fin-de-semana-largo-de-cinco-dias-consecutivos-a-quienes-beneficia\/\" target=\"_blank\" rel=\"noreferrer noopener\">fin de semana extra largo<\/a>&nbsp;de cuatro d\u00edas. Este d\u00eda no es feriado, por lo que cada empleador definir\u00e1 si se trabaja o no.<\/strong><\/p>\n\n\n\n<p><strong>\u00bfCu\u00e1ndo es el pr\u00f3ximo fin de semana largo?<\/strong><\/p>\n\n\n\n<p><strong>A este descanso de marzo se sumar\u00e1 otro&nbsp;<a href=\"https:\/\/www.cronista.com\/informacion-gral\/cierran-todos-los-bancos-por-cuatro-dias-en-argentina-y-no-se-podran-hacer-todas-estas-operaciones\/\" target=\"_blank\" rel=\"noreferrer noopener\">fin de semana largo<\/a>&nbsp;en abril. El Gobierno decret\u00f3 feriados para el jueves 2 y viernes 3 de abril:<\/strong><\/p>\n\n\n\n<ul class=\"wp-block-list\">\n<li><strong>Jueves 2 de abril: Jueves Santo y D\u00eda del Veterano y de los Ca\u00eddos en la Guerra de Malvinas.<\/strong><\/li>\n\n\n\n<li><strong>Viernes 3 de abril: Viernes Santo.<\/strong><\/li>\n<\/ul>\n\n\n\n<p><strong>Calendario de feriados nacionales 2026<\/strong><\/p>\n\n\n\n<p><strong>Estos son los&nbsp;<u>feriados y d\u00edas no laborables que restan<\/u>&nbsp;para lo que queda del a\u00f1o:<\/strong><\/p>\n\n\n\n<ul class=\"wp-block-list\">\n<li><strong>Lunes 23 de marzo: D\u00eda no laborable con fines tur\u00edsticos.<\/strong><\/li>\n\n\n\n<li><strong>Martes 24 de marzo: D\u00eda Nacional de la Memoria por la Verdad y la Justicia.<\/strong><\/li>\n\n\n\n<li><strong>Jueves 2 de abril: Jueves Santo y D\u00eda del Veterano y de los Ca\u00eddos en la Guerra de Malvinas.<\/strong><\/li>\n\n\n\n<li><strong>Viernes 3 de abril: Viernes Santo.<\/strong><\/li>\n\n\n\n<li><strong>Viernes 1 de mayo: D\u00eda del Trabajador.<\/strong><\/li>\n\n\n\n<li><strong>Lunes 25 de mayo: D\u00eda de la Revoluci\u00f3n de Mayo.<\/strong><\/li>\n\n\n\n<li><strong>Lunes 15 de junio: Paso a la Inmortalidad del General Mart\u00edn Miguel de G\u00fcemes (trasladado del 17).<\/strong><\/li>\n\n\n\n<li><strong>S\u00e1bado 20 de junio: Paso a la Inmortalidad del General Manuel Belgrano.<\/strong><\/li>\n\n\n\n<li><strong>Jueves 9 de julio: D\u00eda de la Independencia.<\/strong><\/li>\n\n\n\n<li><strong>Viernes 10 de julio: D\u00eda no laborable con fines tur\u00edsticos.<\/strong><\/li>\n\n\n\n<li><strong>Lunes 17 de agosto: Paso a la Inmortalidad del General Jos\u00e9 de San Mart\u00edn.<\/strong><\/li>\n\n\n\n<li><strong>Lunes 12 de octubre: D\u00eda de la Raza.<\/strong><\/li>\n\n\n\n<li><strong>Lunes 23 de noviembre: D\u00eda de la Soberan\u00eda Nacional (trasladado del 20).<\/strong><\/li>\n\n\n\n<li><strong>Lunes 7 de diciembre: D\u00eda no laborable con fines tur\u00edsticos.<\/strong><\/li>\n\n\n\n<li><strong>Martes 8 de diciembre: Inmaculada Concepci\u00f3n de Mar\u00eda.<\/strong><\/li>\n\n\n\n<li><strong>Viernes 25 de diciembre: Navidad.<\/strong><\/li>\n<\/ul>\n\n\n<figure class=\"wp-block-post-featured-image\"><img loading=\"lazy\" decoding=\"async\" width=\"950\" height=\"600\" src=\"https:\/\/primiciasclorinda.com\/wp-content\/uploads\/2026\/03\/losferiadosxxx-1.jpg\" class=\"attachment-post-thumbnail size-post-thumbnail wp-post-image\" alt=\"\" style=\"object-fit:cover;\" srcset=\"https:\/\/primiciasclorinda.com\/wp-content\/uploads\/2026\/03\/losferiadosxxx-1.jpg 950w, https:\/\/primiciasclorinda.com\/wp-content\/uploads\/2026\/03\/losferiadosxxx-1-300x189.jpg 300w, https:\/\/primiciasclorinda.com\/wp-content\/uploads\/2026\/03\/losferiadosxxx-1-475x300.jpg 475w, https:\/\/primiciasclorinda.com\/wp-content\/uploads\/2026\/03\/losferiadosxxx-1-768x485.jpg 768w\" sizes=\"auto, (max-width: 950px) 100vw, 950px\" \/><\/figure>","protected":false},"excerpt":{"rendered":"<div class=\"mh-excerpt\"><p>Los argentinos podr\u00e1n disfrutar de dos fines de semana largos consecutivos, uno a finales de marzo y otro durante la primera semana de abril El <a class=\"mh-excerpt-more\" href=\"https:\/\/primiciasclorinda.com\/?p=107465\" title=\"Es oficial | Se viene un doble fin de semana largo: el Gobierno decret\u00f3 dos descansos de 4 d\u00edas\">[&#8230;]<\/a><\/p>\n<\/div>","protected":false},"author":3,"featured_media":107459,"comment_status":"open","ping_status":"open","sticky":false,"template":"","format":"standard","meta":{"footnotes":""},"categories":[4],"tags":[173,5822],"class_list":["post-107465","post","type-post","status-publish","format-standard","has-post-thumbnail","hentry","category-informacion-general","tag-argentina","tag-feriados-2026"],"_links":{"self":[{"href":"https:\/\/primiciasclorinda.com\/index.php?rest_route=\/wp\/v2\/posts\/107465","targetHints":{"allow":["GET"]}}],"collection":[{"href":"https:\/\/primiciasclorinda.com\/index.php?rest_route=\/wp\/v2\/posts"}],"about":[{"href":"https:\/\/primiciasclorinda.com\/index.php?rest_route=\/wp\/v2\/types\/post"}],"author":[{"embeddable":true,"href":"https:\/\/primiciasclorinda.com\/index.php?rest_route=\/wp\/v2\/users\/3"}],"replies":[{"embeddable":true,"href":"https:\/\/primiciasclorinda.com\/index.php?rest_route=%2Fwp%2Fv2%2Fcomments&post=107465"}],"version-history":[{"count":1,"href":"https:\/\/primiciasclorinda.com\/index.php?rest_route=\/wp\/v2\/posts\/107465\/revisions"}],"predecessor-version":[{"id":107466,"href":"https:\/\/primiciasclorinda.com\/index.php?rest_route=\/wp\/v2\/posts\/107465\/revisions\/107466"}],"wp:featuredmedia":[{"embeddable":true,"href":"https:\/\/primiciasclorinda.com\/index.php?rest_route=\/wp\/v2\/media\/107459"}],"wp:attachment":[{"href":"https:\/\/primiciasclorinda.com\/index.php?rest_route=%2Fwp%2Fv2%2Fmedia&parent=107465"}],"wp:term":[{"taxonomy":"category","embeddable":true,"href":"https:\/\/primiciasclorinda.com\/index.php?rest_route=%2Fwp%2Fv2%2Fcategories&post=107465"},{"taxonomy":"post_tag","embeddable":true,"href":"https:\/\/primiciasclorinda.com\/index.php?rest_route=%2Fwp%2Fv2%2Ftags&post=107465"}],"curies":[{"name":"wp","href":"https:\/\/api.w.org\/{rel}","templated":true}]}}