{"id":10715,"date":"2018-08-07T19:10:03","date_gmt":"2018-08-07T22:10:03","guid":{"rendered":"http:\/\/primiciasclorinda.com\/?p=10715"},"modified":"2018-08-07T19:10:03","modified_gmt":"2018-08-07T22:10:03","slug":"el-cic-organiza-en-el-camping-dalto-el-festejo-por-el-dia-del-nino","status":"publish","type":"post","link":"https:\/\/primiciasclorinda.com\/?p=10715","title":{"rendered":"El CIC organiza en el Camping Dalto el festejo por el d\u00eda del ni\u00f1o"},"content":{"rendered":"<p style=\"text-align: justify;\">El Director del Centro Integrador Comunitario, Eugenio Garay, inform\u00f3 a<strong><em> Primicias Clorinda<\/em><\/strong> que el pr\u00f3ximo domingo festejaran el d\u00eda del ni\u00f1o en el Camping Dalto. Desde las 9 hs habr\u00e1 torneo de f\u00fatbol para los chicos y desde las 15 horas continuar\u00e1n por la tarde las actividades que incluir\u00e1n juegos y chocolatada para los presentes.<\/p>\n<p style=\"text-align: justify;\">\u00abHace 5 a\u00f1os que venimos organizando este festejo tan particular y por suerte lo podemos hacer ac\u00e1 en el Camping Dalto, es un lindo lugar y los chicos pueden venir a disfrutar con sus familias durante todo el d\u00eda\u00bb, explic\u00f3 el funcionario.<\/p>\n<p style=\"text-align: justify;\">\u00abLa idea es que los ni\u00f1os festejen haciendo deporte al aire libre y que disfruten del d\u00eda, para eso habr\u00e1 torneos de f\u00fatbol desde las 9 hs y por la tarde desde las 15 vamos a tener todo tipo de juegos y despu\u00e9s culminaremos con la merienda con la correspondiente chocolatada\u00bb, inform\u00f3 Garay.<\/p>\n<p style=\"text-align: justify;\">\u00abDespu\u00e9s de tanto insistirle al Intendente hoy hay que agradecerle porque tenemos el acceso totalmente renovado con ripio y esto facilita el ingreso de todos los que quieran venir, el domingo el ingreso ser\u00e1 libre y gratuito para todos los que quieran venir en familia\u00bb, expres\u00f3 por \u00faltimo Garay.<\/p>\n<p style=\"text-align: justify;\"><img loading=\"lazy\" decoding=\"async\" class=\"alignnone size-full wp-image-10718\" src=\"http:\/\/primiciasclorinda.com\/wp-content\/uploads\/2018\/08\/camping3.jpg\" alt=\"\" width=\"723\" height=\"542\" srcset=\"https:\/\/primiciasclorinda.com\/wp-content\/uploads\/2018\/08\/camping3.jpg 723w, https:\/\/primiciasclorinda.com\/wp-content\/uploads\/2018\/08\/camping3-300x225.jpg 300w, https:\/\/primiciasclorinda.com\/wp-content\/uploads\/2018\/08\/camping3-400x300.jpg 400w, https:\/\/primiciasclorinda.com\/wp-content\/uploads\/2018\/08\/camping3-678x509.jpg 678w, https:\/\/primiciasclorinda.com\/wp-content\/uploads\/2018\/08\/camping3-326x245.jpg 326w, https:\/\/primiciasclorinda.com\/wp-content\/uploads\/2018\/08\/camping3-80x60.jpg 80w\" sizes=\"auto, (max-width: 723px) 100vw, 723px\" \/> <img loading=\"lazy\" decoding=\"async\" class=\"alignnone size-full wp-image-10719\" src=\"http:\/\/primiciasclorinda.com\/wp-content\/uploads\/2018\/08\/camping2-1.jpg\" alt=\"\" width=\"620\" height=\"465\" srcset=\"https:\/\/primiciasclorinda.com\/wp-content\/uploads\/2018\/08\/camping2-1.jpg 620w, https:\/\/primiciasclorinda.com\/wp-content\/uploads\/2018\/08\/camping2-1-300x225.jpg 300w, https:\/\/primiciasclorinda.com\/wp-content\/uploads\/2018\/08\/camping2-1-400x300.jpg 400w, https:\/\/primiciasclorinda.com\/wp-content\/uploads\/2018\/08\/camping2-1-326x245.jpg 326w, https:\/\/primiciasclorinda.com\/wp-content\/uploads\/2018\/08\/camping2-1-80x60.jpg 80w\" sizes=\"auto, (max-width: 620px) 100vw, 620px\" \/><\/p>\n","protected":false},"excerpt":{"rendered":"<div class=\"mh-excerpt\"><p>El Director del Centro Integrador Comunitario, Eugenio Garay, inform\u00f3 a Primicias Clorinda que el pr\u00f3ximo domingo festejaran el d\u00eda del ni\u00f1o en el Camping Dalto. <a class=\"mh-excerpt-more\" href=\"https:\/\/primiciasclorinda.com\/?p=10715\" title=\"El CIC organiza en el Camping Dalto el festejo por el d\u00eda del ni\u00f1o\">[&#8230;]<\/a><\/p>\n<\/div>","protected":false},"author":3,"featured_media":10718,"comment_status":"open","ping_status":"open","sticky":false,"template":"","format":"standard","meta":{"footnotes":""},"categories":[4],"tags":[1919,26,648,1920],"class_list":["post-10715","post","type-post","status-publish","format-standard","has-post-thumbnail","hentry","category-informacion-general","tag-camping-dalto","tag-clorinda","tag-dia-del-nino","tag-eugenio-garay"],"_links":{"self":[{"href":"https:\/\/primiciasclorinda.com\/index.php?rest_route=\/wp\/v2\/posts\/10715","targetHints":{"allow":["GET"]}}],"collection":[{"href":"https:\/\/primiciasclorinda.com\/index.php?rest_route=\/wp\/v2\/posts"}],"about":[{"href":"https:\/\/primiciasclorinda.com\/index.php?rest_route=\/wp\/v2\/types\/post"}],"author":[{"embeddable":true,"href":"https:\/\/primiciasclorinda.com\/index.php?rest_route=\/wp\/v2\/users\/3"}],"replies":[{"embeddable":true,"href":"https:\/\/primiciasclorinda.com\/index.php?rest_route=%2Fwp%2Fv2%2Fcomments&post=10715"}],"version-history":[{"count":1,"href":"https:\/\/primiciasclorinda.com\/index.php?rest_route=\/wp\/v2\/posts\/10715\/revisions"}],"predecessor-version":[{"id":10721,"href":"https:\/\/primiciasclorinda.com\/index.php?rest_route=\/wp\/v2\/posts\/10715\/revisions\/10721"}],"wp:featuredmedia":[{"embeddable":true,"href":"https:\/\/primiciasclorinda.com\/index.php?rest_route=\/wp\/v2\/media\/10718"}],"wp:attachment":[{"href":"https:\/\/primiciasclorinda.com\/index.php?rest_route=%2Fwp%2Fv2%2Fmedia&parent=10715"}],"wp:term":[{"taxonomy":"category","embeddable":true,"href":"https:\/\/primiciasclorinda.com\/index.php?rest_route=%2Fwp%2Fv2%2Fcategories&post=10715"},{"taxonomy":"post_tag","embeddable":true,"href":"https:\/\/primiciasclorinda.com\/index.php?rest_route=%2Fwp%2Fv2%2Ftags&post=10715"}],"curies":[{"name":"wp","href":"https:\/\/api.w.org\/{rel}","templated":true}]}}