{"id":10710,"date":"2018-08-07T17:40:37","date_gmt":"2018-08-07T20:40:37","guid":{"rendered":"http:\/\/primiciasclorinda.com\/?p=10710"},"modified":"2018-08-07T17:44:51","modified_gmt":"2018-08-07T20:44:51","slug":"caso-ciccone-amado-boudou-fue-condenado-a-5-anos-y-10-meses-de-prision-y-quedo-detenido","status":"publish","type":"post","link":"https:\/\/primiciasclorinda.com\/?p=10710","title":{"rendered":"Caso Ciccone: Amado Boudou fue condenado a 5 a\u00f1os y 10 meses de prisi\u00f3n y qued\u00f3 detenido"},"content":{"rendered":"<p style=\"text-align: justify;\">El ex vicepresidente fue encontrado culpable de los delitos de cohecho pasivo y negociaciones incompatibles con la funci\u00f3n p\u00fablica. Fue inhabilitado de por vida para ejercer cargos p\u00fablicos. El Tribunal Oral Federal 4 orden\u00f3 su inmediata detenci\u00f3n en la c\u00e1rcel de Ezeiza.<\/p>\n<p style=\"text-align: justify;\">El Tribunal Oral Federal 4 conden\u00f3 a Amado Boudou a 5 a\u00f1os y 10 meses de prisi\u00f3n por cohecho pasivo y negociaciones incompatibles con la funci\u00f3n p\u00fablica, cometido en la compra de la empresa Ciccone \u2013la calcogr\u00e1fica m\u00e1s importante del pa\u00eds\u2013 por parte de The Old Fund, una empresa pantalla del ex vicepresidente y que ten\u00eda como cara visible a Alejandro Vandenbroele, el arrepentido del caso.<\/p>\n<p style=\"text-align: justify;\">Adem\u00e1s, Boudou fue inhabilitado de por vida para ejercer cargos p\u00fablicos y los jueces ordenaron su inmediata detenci\u00f3n.<\/p>\n<p style=\"text-align: justify;\">Por su parte, el tribunal sentenci\u00f3 a Jos\u00e9 Mar\u00eda N\u00fa\u00f1ez Carmona por hallarlo culpable de ser part\u00edcipe necesario de cohecho pasivo y de negociaciones incompatibles con funci\u00f3n p\u00fablica a 5 a\u00f1os y 6 meses de prisi\u00f3n y abonar una multa de $90 mil. Tambi\u00e9n ir\u00e1 a prisi\u00f3n ahora.<\/p>\n<p style=\"text-align: justify;\">Ambos, Boudou y N\u00fa\u00f1ez Carmona, fueron alojados de manera provisoria en la Comunidad 29 de Comodoro Py, dependiente del Servicio Penitenciario Federal. De all\u00ed ser\u00e1n trasladados a la c\u00e1rcel de Ezeiza, donde cumplir\u00e1n sus condenas.<\/p>\n<p style=\"text-align: justify;\">Sus abogados ya adelantaron que ma\u00f1ana apelar\u00e1n a la C\u00e1mara Federal de Casaci\u00f3n Penal sus detenidos para que esperen en libertad la confirmaci\u00f3n de la condena.<\/p>\n<p style=\"text-align: justify;\">En tanto, Nicol\u00e1s Ciccone, antiguo due\u00f1o de la empresa, fue condenado a 4 a\u00f1os y 6 meses de c\u00e1rcel por ser hallado culpable de ser part\u00edcipe necesario de cohecho pasivo y negociaciones incompatibles con funci\u00f3n p\u00fablica y deber\u00e1 pagar una multa de $90 mil. Cumplir\u00e1 la prisi\u00f3n de manera domiciliaria.<\/p>\n<p style=\"text-align: justify;\">A su vez, Vandenbroele fue condenado a 2 a\u00f1os de prisi\u00f3n en suspenso, inhabilitaci\u00f3n perpetua y a pagar una multa de $90 mil por haber sido encontrado culpable de los delitos de cohecho pasivo y negociaciones incompatibles con la funci\u00f3n p\u00fablica. Deber\u00e1 realizar durante 3 a\u00f1os tareas comunitarias no remuneradas en una instituci\u00f3n de bien p\u00fablico.<\/p>\n<p>En cuanto a Rafael Resnnick Brenner, ex jefe de asesores de la AFIP, y Guido Forcieri, ex funcionario del Ministerio de Econom\u00eda, tambi\u00e9n fueron condenados a 3 a\u00f1os y 2 a\u00f1os y medio en suspenso, respectivamente. Adem\u00e1s, ambos tendr\u00e1n que hacer tareas comunitarias durante tres a\u00f1os en una instituci\u00f3n de bien p\u00fablico a raz\u00f3n de 40 horas por semana.<\/p>\n<p style=\"text-align: justify;\">Los jueces Pablo Bertuzzi, N\u00e9stor Costabel y Gabriela L\u00f3pez I\u00f1\u00edguez, que estuvieron al frente del proceso, rechazaron en su sentencia una serie de recursos presentados por la defensa del ex vicepresidente, entre ellos para la suspensi\u00f3n del veredicto. El veredicto fue con la disidencia de L\u00f3pez I\u00f1\u00edguez respecto de los montos de la pena, los delitos y las detenciones.<\/p>\n<p style=\"text-align: justify;\">Las \u00faltimas palabras de Boudou<\/p>\n<p style=\"text-align: justify;\">M\u00e1s temprano, Boudou hizo uso de las \u00faltimas palabras. \u00abHay un relato construido en este juicio, muchas cosas se desbarataron\u00bb, afirm\u00f3, y recalc\u00f3: \u00abJam\u00e1s negoci\u00e9 por m\u00ed o terceras personas el 70 por ciento del paquete accionario de Ciccone\u00bb.<\/p>\n<p style=\"text-align: justify;\">Luego, sostuvo que las acusaciones por cohecho y negociaciones incompatibles con la funci\u00f3n p\u00fablica no tienen ning\u00fan sustento.<\/p>\n<p style=\"text-align: justify;\">\u00abLos pol\u00edticos que reciben transformar la libertad son perseguidos, primero por los medios y luego por la administraci\u00f3n de Justicia\u00bb, agreg\u00f3 Boudou, quien dijo que en este proceso se est\u00e1 \u00abtomando revancha\u00bb en su contra por cambiar la pol\u00edtica de las AFJP durante su gesti\u00f3n.<\/p>\n<p style=\"text-align: justify;\">\u00abQuiero dejar este testimonio para todos los jubilados, para los ni\u00f1os, para todas y todos. La \u00fanica verdad es la realidad\u00bb, cerr\u00f3 Boudou.<\/p>\n","protected":false},"excerpt":{"rendered":"<div class=\"mh-excerpt\"><p>El ex vicepresidente fue encontrado culpable de los delitos de cohecho pasivo y negociaciones incompatibles con la funci\u00f3n p\u00fablica. Fue inhabilitado de por vida para <a class=\"mh-excerpt-more\" href=\"https:\/\/primiciasclorinda.com\/?p=10710\" title=\"Caso Ciccone: Amado Boudou fue condenado a 5 a\u00f1os y 10 meses de prisi\u00f3n y qued\u00f3 detenido\">[&#8230;]<\/a><\/p>\n<\/div>","protected":false},"author":3,"featured_media":10711,"comment_status":"open","ping_status":"open","sticky":false,"template":"","format":"standard","meta":{"footnotes":""},"categories":[3],"tags":[966,1918,1917],"class_list":["post-10710","post","type-post","status-publish","format-standard","has-post-thumbnail","hentry","category-politica-economia","tag-amado-boudou","tag-ciccone","tag-condenado"],"_links":{"self":[{"href":"https:\/\/primiciasclorinda.com\/index.php?rest_route=\/wp\/v2\/posts\/10710","targetHints":{"allow":["GET"]}}],"collection":[{"href":"https:\/\/primiciasclorinda.com\/index.php?rest_route=\/wp\/v2\/posts"}],"about":[{"href":"https:\/\/primiciasclorinda.com\/index.php?rest_route=\/wp\/v2\/types\/post"}],"author":[{"embeddable":true,"href":"https:\/\/primiciasclorinda.com\/index.php?rest_route=\/wp\/v2\/users\/3"}],"replies":[{"embeddable":true,"href":"https:\/\/primiciasclorinda.com\/index.php?rest_route=%2Fwp%2Fv2%2Fcomments&post=10710"}],"version-history":[{"count":3,"href":"https:\/\/primiciasclorinda.com\/index.php?rest_route=\/wp\/v2\/posts\/10710\/revisions"}],"predecessor-version":[{"id":10714,"href":"https:\/\/primiciasclorinda.com\/index.php?rest_route=\/wp\/v2\/posts\/10710\/revisions\/10714"}],"wp:featuredmedia":[{"embeddable":true,"href":"https:\/\/primiciasclorinda.com\/index.php?rest_route=\/wp\/v2\/media\/10711"}],"wp:attachment":[{"href":"https:\/\/primiciasclorinda.com\/index.php?rest_route=%2Fwp%2Fv2%2Fmedia&parent=10710"}],"wp:term":[{"taxonomy":"category","embeddable":true,"href":"https:\/\/primiciasclorinda.com\/index.php?rest_route=%2Fwp%2Fv2%2Fcategories&post=10710"},{"taxonomy":"post_tag","embeddable":true,"href":"https:\/\/primiciasclorinda.com\/index.php?rest_route=%2Fwp%2Fv2%2Ftags&post=10710"}],"curies":[{"name":"wp","href":"https:\/\/api.w.org\/{rel}","templated":true}]}}