{"id":106926,"date":"2026-03-04T08:36:17","date_gmt":"2026-03-04T11:36:17","guid":{"rendered":"https:\/\/primiciasclorinda.com\/?p=106926"},"modified":"2026-03-04T08:36:18","modified_gmt":"2026-03-04T11:36:18","slug":"con-el-consumo-en-su-piso-historico-paoltroni-dijo-que-comer-carne-es-un-lujo","status":"publish","type":"post","link":"https:\/\/primiciasclorinda.com\/?p=106926","title":{"rendered":"Con el consumo en su piso hist\u00f3rico, Paoltroni dijo que comer carne \u00abes un lujo\u00bb"},"content":{"rendered":"\n<p><strong>El Senador nacional Francisco Paoltroni defendi\u00f3 la fuerte suba del precio de la carne vacuna y sostuvo que su consumo \u201ces un lujo\u201d comparable a manejar una Ferrari. Sus declaraciones despertaron cientos de cr\u00edticas y reavivaron el debate sobre el impacto de los aumentos \u2014que superan ampliamente la inflaci\u00f3n\u2014 y la ca\u00edda hist\u00f3rica del consumo en los hogares argentinos.<\/strong><\/p>\n\n\n\n<p><strong>El Senador nacional por Formosa,&nbsp;Francisco Paoltroni, volvi\u00f3 a quedar en el centro de la pol\u00e9mica tras afirmar que&nbsp;<em>\u00abcomer carne vacuna en el mundo es un lujo y Argentina va camino a esa normalidad\u00bb<\/em>&nbsp;en un intento por justificar la fuerte suba de precios y la ca\u00edda hist\u00f3rica del consumo interno. Sus declaraciones, lejos de apaciguar el malestar social, despertaron cientos de cr\u00edticas de propios y extra\u00f1os: \u00bfes la carne un lujo al que los argentinos deben resignarse?<\/strong><\/p>\n\n\n\n<figure class=\"wp-block-image size-large is-resized\"><img loading=\"lazy\" decoding=\"async\" width=\"600\" height=\"126\" src=\"http:\/\/primiciasclorinda.com\/wp-content\/uploads\/2026\/02\/ausp-hipergasdeconfianza-5-600x126.jpg\" alt=\"\" class=\"wp-image-103499\" style=\"width:840px;height:auto\" srcset=\"https:\/\/primiciasclorinda.com\/wp-content\/uploads\/2026\/02\/ausp-hipergasdeconfianza-5-600x126.jpg 600w, https:\/\/primiciasclorinda.com\/wp-content\/uploads\/2026\/02\/ausp-hipergasdeconfianza-5-300x63.jpg 300w, https:\/\/primiciasclorinda.com\/wp-content\/uploads\/2026\/02\/ausp-hipergasdeconfianza-5-768x162.jpg 768w, https:\/\/primiciasclorinda.com\/wp-content\/uploads\/2026\/02\/ausp-hipergasdeconfianza-5.jpg 950w\" sizes=\"auto, (max-width: 600px) 100vw, 600px\" \/><\/figure>\n\n\n\n<p><strong><a href=\"https:\/\/neahoy.com\/2026\/02\/06\/reforma-laboral-bajo-la-lupa-tras-un-fuerte-debate-paoltroni-no-logro-senalar-beneficios-para-los-trabajadores\/\" target=\"_blank\" rel=\"noreferrer noopener\">Paoltroni, productor agropecuario<\/a>&nbsp;y recientemente reincorporado al bloque de La Libertad Avanza,&nbsp;defendi\u00f3 la recomposici\u00f3n de precios bajo el argumento de que durante&nbsp;<em>\u00ab80 a\u00f1os la carne fue la m\u00e1s barata del mundo\u00bb<\/em>&nbsp;en el pa\u00eds y que eso habr\u00eda perjudicado el desarrollo ganadero.&nbsp;Sin embargo, su razonamiento omite un dato central: la carne vacuna no es un bien suntuario en la cultura argentina, sino un alimento b\u00e1sico que forma parte de la dieta cotidiana y de la identidad nacional.<\/strong><\/p>\n\n\n\n<p><strong>Comparar el consumo de un corte popular con&nbsp;<em>\u00abandar en Ferrari\u00bb<\/em>&nbsp;expone, para varios medios, una desconexi\u00f3n con la realidad econ\u00f3mica de millones de hogares. Seg\u00fan datos sectoriales,&nbsp;en 2025 la carne aument\u00f3 alrededor de un 70%, m\u00e1s del doble que la inflaci\u00f3n promedio, y en los primeros meses de 2026 ya acumula otro 20%. El consumo, en paralelo, cay\u00f3 a menos de 48 kilos por habitante al a\u00f1o, el nivel m\u00e1s bajo en d\u00e9cadas.<\/strong><\/p>\n\n\n\n<p><strong><a href=\"https:\/\/neahoy.com\/2025\/11\/27\/embargos-millonarios-y-sospechas-de-fraude-de-que-tratan-las-causas-que-acorralan-al-senador-paoltroni\/\" target=\"_blank\" rel=\"noreferrer noopener\">El Senador sostiene que en el mundo la carne vacuna ocupa un lugar secundario<\/a>&nbsp;frente al pescado, el pollo o el cerdo, y que su precio responde a una<em>&nbsp;\u00abnormalidad internacional\u00bb<\/em>. No obstante,&nbsp;trasladar esa l\u00f3gica de mercado a un pa\u00eds donde el asado no es un lujo sino un ritual social implica asumir un cambio cultural forzado por la p\u00e9rdida de poder adquisitivo, m\u00e1s que por una transformaci\u00f3n voluntaria de h\u00e1bitos alimentarios.<\/strong><\/p>\n\n\n\n<p><strong>Paoltroni y un relato alejado de la realidad<\/strong><\/p>\n\n\n\n<p><strong>Atribuir la suba de precios casi exclusivamente a la&nbsp;<em>\u00abrecomposici\u00f3n del stock\u00bb<\/em>&nbsp;ganadero deja en un segundo plano otras variables que inciden en la formaci\u00f3n del valor de la carne:&nbsp;la flexibilizaci\u00f3n de exportaciones, la evoluci\u00f3n del tipo de cambio y la creciente competencia entre el mercado interno y la demanda externa.&nbsp;En ese marco, el debate de fondo pasa por determinar si la&nbsp;<em>\u00abnormalizaci\u00f3n\u00bb<\/em>&nbsp;a la&nbsp;<a href=\"https:\/\/neahoy.com\/2025\/11\/16\/paoltroni-fue-embargado-y-aumentan-las-versiones-que-lo-vinculan-a-estafas\/\" target=\"_blank\" rel=\"noreferrer noopener\">que alude Francisco Paoltroni<\/a>&nbsp;implica que los precios locales queden cada vez m\u00e1s atados a la l\u00f3gica internacional, aun cuando eso tenga impacto directo en el consumo dom\u00e9stico.<\/strong><\/p>\n\n\n\n<p><strong>La afirmaci\u00f3n de que<em>&nbsp;\u00abel lomo va a ser para pocos\u00bb<\/em>&nbsp;puede leerse como una descripci\u00f3n del comportamiento global del mercado c\u00e1rnico. Sin embargo, adquiere otra dimensi\u00f3n cuando proviene de un senador nacional, con responsabilidad en la definici\u00f3n de pol\u00edticas p\u00fablicas.&nbsp;El planteo trasciende la discusi\u00f3n sectorial y se inscribe en un debate m\u00e1s amplio sobre el modelo productivo y sus efectos sociales.<\/strong><\/p>\n\n\n\n<p><strong>En un contexto&nbsp;de salarios que todav\u00eda no recuperan plenamente el poder adquisitivo perdido&nbsp;y con indicadores sociales en tensi\u00f3n, considerar a la carne vacuna como un bien de lujo introduce un interrogante central: si la convergencia hacia est\u00e1ndares internacionales debe darse sin mecanismos que amortig\u00fcen su impacto en el consumo interno. La discusi\u00f3n, as\u00ed, no se limita a una comparaci\u00f3n ret\u00f3rica con una Ferrari, sino al alcance real de esa<em>&nbsp;\u00abnormalidad\u00bb<\/em>&nbsp;en la mesa de los argentinos<\/strong><\/p>\n\n\n<figure class=\"wp-block-post-featured-image\"><img loading=\"lazy\" decoding=\"async\" width=\"950\" height=\"600\" src=\"https:\/\/primiciasclorinda.com\/wp-content\/uploads\/2026\/03\/paoltroylacarneo-8.jpg\" class=\"attachment-post-thumbnail size-post-thumbnail wp-post-image\" alt=\"\" style=\"object-fit:cover;\" srcset=\"https:\/\/primiciasclorinda.com\/wp-content\/uploads\/2026\/03\/paoltroylacarneo-8.jpg 950w, https:\/\/primiciasclorinda.com\/wp-content\/uploads\/2026\/03\/paoltroylacarneo-8-300x189.jpg 300w, https:\/\/primiciasclorinda.com\/wp-content\/uploads\/2026\/03\/paoltroylacarneo-8-475x300.jpg 475w, https:\/\/primiciasclorinda.com\/wp-content\/uploads\/2026\/03\/paoltroylacarneo-8-768x485.jpg 768w\" sizes=\"auto, (max-width: 950px) 100vw, 950px\" \/><\/figure>","protected":false},"excerpt":{"rendered":"<div class=\"mh-excerpt\"><p>El Senador nacional Francisco Paoltroni defendi\u00f3 la fuerte suba del precio de la carne vacuna y sostuvo que su consumo \u201ces un lujo\u201d comparable a <a class=\"mh-excerpt-more\" href=\"https:\/\/primiciasclorinda.com\/?p=106926\" title=\"Con el consumo en su piso hist\u00f3rico, Paoltroni dijo que comer carne \u00abes un lujo\u00bb\">[&#8230;]<\/a><\/p>\n<\/div>","protected":false},"author":3,"featured_media":106917,"comment_status":"open","ping_status":"open","sticky":false,"template":"","format":"standard","meta":{"footnotes":""},"categories":[3],"tags":[6579,4265,232],"class_list":["post-106926","post","type-post","status-publish","format-standard","has-post-thumbnail","hentry","category-politica-economia","tag-es-un-lujo","tag-paoltroni","tag-precio-de-la-carne"],"_links":{"self":[{"href":"https:\/\/primiciasclorinda.com\/index.php?rest_route=\/wp\/v2\/posts\/106926","targetHints":{"allow":["GET"]}}],"collection":[{"href":"https:\/\/primiciasclorinda.com\/index.php?rest_route=\/wp\/v2\/posts"}],"about":[{"href":"https:\/\/primiciasclorinda.com\/index.php?rest_route=\/wp\/v2\/types\/post"}],"author":[{"embeddable":true,"href":"https:\/\/primiciasclorinda.com\/index.php?rest_route=\/wp\/v2\/users\/3"}],"replies":[{"embeddable":true,"href":"https:\/\/primiciasclorinda.com\/index.php?rest_route=%2Fwp%2Fv2%2Fcomments&post=106926"}],"version-history":[{"count":1,"href":"https:\/\/primiciasclorinda.com\/index.php?rest_route=\/wp\/v2\/posts\/106926\/revisions"}],"predecessor-version":[{"id":106927,"href":"https:\/\/primiciasclorinda.com\/index.php?rest_route=\/wp\/v2\/posts\/106926\/revisions\/106927"}],"wp:featuredmedia":[{"embeddable":true,"href":"https:\/\/primiciasclorinda.com\/index.php?rest_route=\/wp\/v2\/media\/106917"}],"wp:attachment":[{"href":"https:\/\/primiciasclorinda.com\/index.php?rest_route=%2Fwp%2Fv2%2Fmedia&parent=106926"}],"wp:term":[{"taxonomy":"category","embeddable":true,"href":"https:\/\/primiciasclorinda.com\/index.php?rest_route=%2Fwp%2Fv2%2Fcategories&post=106926"},{"taxonomy":"post_tag","embeddable":true,"href":"https:\/\/primiciasclorinda.com\/index.php?rest_route=%2Fwp%2Fv2%2Ftags&post=106926"}],"curies":[{"name":"wp","href":"https:\/\/api.w.org\/{rel}","templated":true}]}}