{"id":10240,"date":"2018-07-14T14:15:18","date_gmt":"2018-07-14T17:15:18","guid":{"rendered":"http:\/\/primiciasclorinda.com\/?p=10240"},"modified":"2018-07-14T14:17:34","modified_gmt":"2018-07-14T17:17:34","slug":"canal-10-transmite-en-vivo-la-fiesta-nacional-del-pomelo","status":"publish","type":"post","link":"https:\/\/primiciasclorinda.com\/?p=10240","title":{"rendered":"Canal 10 transmite en vivo la Fiesta Nacional del Pomelo"},"content":{"rendered":"<p style=\"text-align: justify;\">La se\u00f1al de la Cooperativa Clorinda inici\u00f3 ayer viernes la transmisi\u00f3n de su programaci\u00f3n desde la Fiesta Nacional del Pomelo, la cobertura en vivo continuar\u00e1 durante los tres d\u00edas de fiesta de 20 a 24 hs. El equipo t\u00e9cnico y period\u00edstico estar\u00e1 los tres d\u00edas desde el Pomelo, para hoy se destaca como programa principal \u00abBien de S\u00e1bado\u00bb, el magazine que conduce Ernesto Veragua estar\u00e1 de 21 a 23 hs y contar\u00e1 en la co-conducci\u00f3n al reconocido humorista Guri Molinas.<\/p>\n<p style=\"text-align: justify;\">Por segundo a\u00f1o consecutivo Canal 10 de la Cooperativa Clorinda realiza la transmisi\u00f3n en vivo desde la Fiesta del Pomelo, en una ubicaci\u00f3n destacada teniendo de frente al escenario principal. Ayer se lograron tomas fuera de series por medio de un drone que transmiti\u00f3 desde lo alto las alternativas del escenario y de la fiesta en s\u00ed.<\/p>\n<p><img loading=\"lazy\" decoding=\"async\" class=\"alignnone size-full wp-image-10242\" src=\"http:\/\/primiciasclorinda.com\/wp-content\/uploads\/2018\/07\/canal-pomelo-1.jpg\" alt=\"\" width=\"722\" height=\"542\" srcset=\"https:\/\/primiciasclorinda.com\/wp-content\/uploads\/2018\/07\/canal-pomelo-1.jpg 722w, https:\/\/primiciasclorinda.com\/wp-content\/uploads\/2018\/07\/canal-pomelo-1-300x225.jpg 300w, https:\/\/primiciasclorinda.com\/wp-content\/uploads\/2018\/07\/canal-pomelo-1-400x300.jpg 400w, https:\/\/primiciasclorinda.com\/wp-content\/uploads\/2018\/07\/canal-pomelo-1-678x509.jpg 678w, https:\/\/primiciasclorinda.com\/wp-content\/uploads\/2018\/07\/canal-pomelo-1-326x245.jpg 326w, https:\/\/primiciasclorinda.com\/wp-content\/uploads\/2018\/07\/canal-pomelo-1-80x60.jpg 80w\" sizes=\"auto, (max-width: 722px) 100vw, 722px\" \/> <img loading=\"lazy\" decoding=\"async\" class=\"alignnone size-full wp-image-10244\" src=\"http:\/\/primiciasclorinda.com\/wp-content\/uploads\/2018\/07\/canal-pomelo3-1.jpg\" alt=\"\" width=\"1032\" height=\"774\" srcset=\"https:\/\/primiciasclorinda.com\/wp-content\/uploads\/2018\/07\/canal-pomelo3-1.jpg 1032w, https:\/\/primiciasclorinda.com\/wp-content\/uploads\/2018\/07\/canal-pomelo3-1-300x225.jpg 300w, https:\/\/primiciasclorinda.com\/wp-content\/uploads\/2018\/07\/canal-pomelo3-1-768x576.jpg 768w, https:\/\/primiciasclorinda.com\/wp-content\/uploads\/2018\/07\/canal-pomelo3-1-400x300.jpg 400w, https:\/\/primiciasclorinda.com\/wp-content\/uploads\/2018\/07\/canal-pomelo3-1-678x509.jpg 678w, https:\/\/primiciasclorinda.com\/wp-content\/uploads\/2018\/07\/canal-pomelo3-1-326x245.jpg 326w, https:\/\/primiciasclorinda.com\/wp-content\/uploads\/2018\/07\/canal-pomelo3-1-80x60.jpg 80w\" sizes=\"auto, (max-width: 1032px) 100vw, 1032px\" \/><\/p>\n<p style=\"text-align: justify;\">Vale mencionar que en la primera jornada salieron al aire los programas: Reporte Cooperativo, La Gente Quiere Saber y Atreverse. Luego el Liz Bogado, Emilia Ferreiros y Alan Gauto condujeron hasta finalizar la transmisi\u00f3n.<\/p>\n<p><img loading=\"lazy\" decoding=\"async\" class=\"alignnone size-full wp-image-10245\" src=\"http:\/\/primiciasclorinda.com\/wp-content\/uploads\/2018\/07\/DSC_0312.jpg\" alt=\"\" width=\"1053\" height=\"700\" srcset=\"https:\/\/primiciasclorinda.com\/wp-content\/uploads\/2018\/07\/DSC_0312.jpg 1053w, https:\/\/primiciasclorinda.com\/wp-content\/uploads\/2018\/07\/DSC_0312-300x199.jpg 300w, https:\/\/primiciasclorinda.com\/wp-content\/uploads\/2018\/07\/DSC_0312-768x511.jpg 768w, https:\/\/primiciasclorinda.com\/wp-content\/uploads\/2018\/07\/DSC_0312-451x300.jpg 451w\" sizes=\"auto, (max-width: 1053px) 100vw, 1053px\" \/><\/p>\n<p style=\"text-align: justify;\">Durante este s\u00e1bado adem\u00e1s del programa \u00abBien de S\u00e1bado\u00bb estar\u00e1 tambi\u00e9n en pantalla \u00abGrageas de Salud\u00bb y luego continuar\u00e1 la programaci\u00f3n de la mano de los mencionados conductores que tiene el canal.<\/p>\n<p style=\"text-align: justify;\">En el plantel t\u00e9cnico se destacan las tareas del Director Gabriel Ver\u00f3n;\u00a0 Arutro Aranda, Gerardo Cristaldo,\u00a0Jorge Ferreira y Rene Rojas.<\/p>\n<p style=\"text-align: justify;\">Adem\u00e1s en la noche inaugural participaron, el Gerente de la Cooperativa, Enrique Alegre, el Pte de la entidad, Aristides Gauto y miembros del Consejo de Administraci\u00f3n.<\/p>\n","protected":false},"excerpt":{"rendered":"<div class=\"mh-excerpt\"><p>La se\u00f1al de la Cooperativa Clorinda inici\u00f3 ayer viernes la transmisi\u00f3n de su programaci\u00f3n desde la Fiesta Nacional del Pomelo, la cobertura en vivo continuar\u00e1 <a class=\"mh-excerpt-more\" href=\"https:\/\/primiciasclorinda.com\/?p=10240\" title=\"Canal 10 transmite en vivo la Fiesta Nacional del Pomelo\">[&#8230;]<\/a><\/p>\n<\/div>","protected":false},"author":3,"featured_media":10241,"comment_status":"open","ping_status":"open","sticky":true,"template":"","format":"standard","meta":{"footnotes":""},"categories":[4],"tags":[118,117,1062,1849],"class_list":["post-10240","post","type-post","status-publish","format-standard","has-post-thumbnail","hentry","category-informacion-general","tag-canal-10","tag-cooperativa-clorinda","tag-fiesta-nacional-del-pomelo","tag-tv-cooperativa"],"_links":{"self":[{"href":"https:\/\/primiciasclorinda.com\/index.php?rest_route=\/wp\/v2\/posts\/10240","targetHints":{"allow":["GET"]}}],"collection":[{"href":"https:\/\/primiciasclorinda.com\/index.php?rest_route=\/wp\/v2\/posts"}],"about":[{"href":"https:\/\/primiciasclorinda.com\/index.php?rest_route=\/wp\/v2\/types\/post"}],"author":[{"embeddable":true,"href":"https:\/\/primiciasclorinda.com\/index.php?rest_route=\/wp\/v2\/users\/3"}],"replies":[{"embeddable":true,"href":"https:\/\/primiciasclorinda.com\/index.php?rest_route=%2Fwp%2Fv2%2Fcomments&post=10240"}],"version-history":[{"count":3,"href":"https:\/\/primiciasclorinda.com\/index.php?rest_route=\/wp\/v2\/posts\/10240\/revisions"}],"predecessor-version":[{"id":10248,"href":"https:\/\/primiciasclorinda.com\/index.php?rest_route=\/wp\/v2\/posts\/10240\/revisions\/10248"}],"wp:featuredmedia":[{"embeddable":true,"href":"https:\/\/primiciasclorinda.com\/index.php?rest_route=\/wp\/v2\/media\/10241"}],"wp:attachment":[{"href":"https:\/\/primiciasclorinda.com\/index.php?rest_route=%2Fwp%2Fv2%2Fmedia&parent=10240"}],"wp:term":[{"taxonomy":"category","embeddable":true,"href":"https:\/\/primiciasclorinda.com\/index.php?rest_route=%2Fwp%2Fv2%2Fcategories&post=10240"},{"taxonomy":"post_tag","embeddable":true,"href":"https:\/\/primiciasclorinda.com\/index.php?rest_route=%2Fwp%2Fv2%2Ftags&post=10240"}],"curies":[{"name":"wp","href":"https:\/\/api.w.org\/{rel}","templated":true}]}}