{"id":101913,"date":"2026-02-23T09:26:16","date_gmt":"2026-02-23T12:26:16","guid":{"rendered":"https:\/\/primiciasclorinda.com\/?p=101913"},"modified":"2026-02-23T09:26:16","modified_gmt":"2026-02-23T12:26:16","slug":"ultiman-detalles-para-la-xxiii-fiesta-nacional-de-la-corvina-de-rio","status":"publish","type":"post","link":"https:\/\/primiciasclorinda.com\/?p=101913","title":{"rendered":"Ultiman detalles para la XXIII Fiesta Nacional de la Corvina De R\u00edo"},"content":{"rendered":"\n<p>En una reuni\u00f3n de trabajo celebrada el pasado viernes 20 de febrero, entre el Ministerio de Turismo y el Ministerio de Producci\u00f3n y Ambiente, se definieron los ejes centrales de la tradicional competencia de pesca a llevarse a cabo en la XXIII Fiesta Nacional de la Corvina de R\u00edo, que tendr\u00e1 como sede la localidad de Herradura el 8 de marzo pr\u00f3ximo.<\/p>\n\n\n\n<p>Durante el encuentro se estableci\u00f3 el cronograma de monitoreo de la especie, el inicio de la veda y el esquema de capacitaci\u00f3n de fiscales conforme al reglamento oficial, garantizando transparencia, orden y control en el desarrollo del certamen.<\/p>\n\n\n\n<figure class=\"wp-block-image size-large is-resized\"><img loading=\"lazy\" decoding=\"async\" width=\"600\" height=\"126\" src=\"http:\/\/primiciasclorinda.com\/wp-content\/uploads\/2026\/02\/hipergasdeconfianza-5-8-600x126.jpg\" alt=\"\" class=\"wp-image-97981\" style=\"width:839px;height:auto\" srcset=\"https:\/\/primiciasclorinda.com\/wp-content\/uploads\/2026\/02\/hipergasdeconfianza-5-8-600x126.jpg 600w, https:\/\/primiciasclorinda.com\/wp-content\/uploads\/2026\/02\/hipergasdeconfianza-5-8-300x63.jpg 300w, https:\/\/primiciasclorinda.com\/wp-content\/uploads\/2026\/02\/hipergasdeconfianza-5-8-768x162.jpg 768w, https:\/\/primiciasclorinda.com\/wp-content\/uploads\/2026\/02\/hipergasdeconfianza-5-8.jpg 950w\" sizes=\"auto, (max-width: 600px) 100vw, 600px\" \/><\/figure>\n\n\n\n<p>Desde la cartera tur\u00edstica se impulsa una gesti\u00f3n integral que combina el atractivo del certamen con el rigor cient\u00edfico. En este sentido, se ratific\u00f3 que la elecci\u00f3n de la fecha responde a criterios t\u00e9cnicos basados en el monitoreo de los especialistas, cuyo objetivo es resguardar el potencial reproductivo de la especie y garantizar la sostenibilidad del recurso a largo plazo.<\/p>\n\n\n\n<p>Adem\u00e1s, se destac\u00f3 que la modalidad de embarcada a remo no s\u00f3lo pone en valor la destreza y el conocimiento de los pescadores, sino que consolida el modelo de turismo sustentable que impulsa la provincia, promoviendo pr\u00e1cticas responsables y de bajo impacto ambiental.<\/p>\n\n\n\n<p>Cabe se\u00f1alar que tanto el desarrollo de la competencia como las tareas de control y fiscalizaci\u00f3n tendr\u00e1n como epicentro la playa municipal de la localidad de Herradura.<\/p>\n\n\n\n<p>En este marco, se resalta el permanente acompa\u00f1amiento del Gobierno de la Provincia, cuyo respaldo resulta fundamental para la realizaci\u00f3n de este evento, no solo como una competencia deportiva de relevancia nacional, sino tambi\u00e9n como una pol\u00edtica p\u00fablica que fortalece la identidad local, dinamiza la econom\u00eda regional y consolida a la provincia como destino tur\u00edstico sustentable durante todo el a\u00f1o.<\/p>\n\n\n<figure class=\"wp-block-post-featured-image\"><img loading=\"lazy\" decoding=\"async\" width=\"950\" height=\"600\" src=\"https:\/\/primiciasclorinda.com\/wp-content\/uploads\/2026\/02\/reunion-fiesta-de-la-corvina.jpeg\" class=\"attachment-post-thumbnail size-post-thumbnail wp-post-image\" alt=\"\" style=\"object-fit:cover;\" srcset=\"https:\/\/primiciasclorinda.com\/wp-content\/uploads\/2026\/02\/reunion-fiesta-de-la-corvina.jpeg 950w, https:\/\/primiciasclorinda.com\/wp-content\/uploads\/2026\/02\/reunion-fiesta-de-la-corvina-300x189.jpeg 300w, https:\/\/primiciasclorinda.com\/wp-content\/uploads\/2026\/02\/reunion-fiesta-de-la-corvina-475x300.jpeg 475w, https:\/\/primiciasclorinda.com\/wp-content\/uploads\/2026\/02\/reunion-fiesta-de-la-corvina-768x485.jpeg 768w\" sizes=\"auto, (max-width: 950px) 100vw, 950px\" \/><\/figure>","protected":false},"excerpt":{"rendered":"<div class=\"mh-excerpt\"><p>En una reuni\u00f3n de trabajo celebrada el pasado viernes 20 de febrero, entre el Ministerio de Turismo y el Ministerio de Producci\u00f3n y Ambiente, se <a class=\"mh-excerpt-more\" href=\"https:\/\/primiciasclorinda.com\/?p=101913\" title=\"Ultiman detalles para la XXIII Fiesta Nacional de la Corvina De R\u00edo\">[&#8230;]<\/a><\/p>\n<\/div>","protected":false},"author":3,"featured_media":101901,"comment_status":"open","ping_status":"open","sticky":false,"template":"","format":"standard","meta":{"footnotes":""},"categories":[3],"tags":[6488,1496],"class_list":["post-101913","post","type-post","status-publish","format-standard","has-post-thumbnail","hentry","category-politica-economia","tag-6488","tag-fiesta-nacional-de-la-corvina-de-rio"],"_links":{"self":[{"href":"https:\/\/primiciasclorinda.com\/index.php?rest_route=\/wp\/v2\/posts\/101913","targetHints":{"allow":["GET"]}}],"collection":[{"href":"https:\/\/primiciasclorinda.com\/index.php?rest_route=\/wp\/v2\/posts"}],"about":[{"href":"https:\/\/primiciasclorinda.com\/index.php?rest_route=\/wp\/v2\/types\/post"}],"author":[{"embeddable":true,"href":"https:\/\/primiciasclorinda.com\/index.php?rest_route=\/wp\/v2\/users\/3"}],"replies":[{"embeddable":true,"href":"https:\/\/primiciasclorinda.com\/index.php?rest_route=%2Fwp%2Fv2%2Fcomments&post=101913"}],"version-history":[{"count":1,"href":"https:\/\/primiciasclorinda.com\/index.php?rest_route=\/wp\/v2\/posts\/101913\/revisions"}],"predecessor-version":[{"id":101914,"href":"https:\/\/primiciasclorinda.com\/index.php?rest_route=\/wp\/v2\/posts\/101913\/revisions\/101914"}],"wp:featuredmedia":[{"embeddable":true,"href":"https:\/\/primiciasclorinda.com\/index.php?rest_route=\/wp\/v2\/media\/101901"}],"wp:attachment":[{"href":"https:\/\/primiciasclorinda.com\/index.php?rest_route=%2Fwp%2Fv2%2Fmedia&parent=101913"}],"wp:term":[{"taxonomy":"category","embeddable":true,"href":"https:\/\/primiciasclorinda.com\/index.php?rest_route=%2Fwp%2Fv2%2Fcategories&post=101913"},{"taxonomy":"post_tag","embeddable":true,"href":"https:\/\/primiciasclorinda.com\/index.php?rest_route=%2Fwp%2Fv2%2Ftags&post=101913"}],"curies":[{"name":"wp","href":"https:\/\/api.w.org\/{rel}","templated":true}]}}